{"id":29006,"date":"2021-06-27T09:00:12","date_gmt":"2021-06-27T14:00:12","guid":{"rendered":"http:\/\/www.zonaroja.com.mx\/?p=29006"},"modified":"2021-06-27T12:02:06","modified_gmt":"2021-06-27T17:02:06","slug":"tras-la-reciente-eleccion-analizan-a-la-4t-en-laboratorio-universitario","status":"publish","type":"post","link":"https:\/\/zonaroja.com.mx\/?p=29006","title":{"rendered":"Tras la reciente elecci\u00f3n, analizan a la 4T en Laboratorio Universitario"},"content":{"rendered":"\n<p>Evlin Arag\u00f3n\/Zona Roja.<\/p>\n\n\n\n<p>Oaxaca de Ju\u00e1rez, Oax., 27 de junio de 2021.- Tras la reciente elecci\u00f3n del pasado 6 de junio, las premisas de que Morena gan\u00f3, pero no arras\u00f3 y qu\u00e9 se puede esperar en los pr\u00f3ximos tres a\u00f1os de la Cuarta Transformaci\u00f3n, fueron analizadas por la comunidad universitaria oaxaque\u00f1a, de la mano de Luis de la Calle Robles, profesor de Ciencias Pol\u00edticas del Centro de Investigaci\u00f3n y Docencia Econ\u00f3micas (CIDE).<\/p>\n\n\n\n<p>Lo anterior en el marco de la conferencia \u201cBalance de la 4T: De donde viene y hacia d\u00f3nde va\u201d que se realiz\u00f3 a iniciativa del Laboratorio Universitario de Estudios de Transparencia y Combate a la Corrupci\u00f3n de la Universidad Aut\u00f3noma \u201cBenito Ju\u00e1rez\u201d de Oaxaca (UABJO), que coordina Ad\u00e1n C\u00f3rdova Trujillo.&nbsp;&nbsp;<\/p>\n\n\n\n<p>El acad\u00e9mico explic\u00f3 que, de acuerdo con los datos de la \u00faltima elecci\u00f3n y la del 2015, en M\u00e9xico el partido gobernante suele salir bien parado de las elecciones intermedias, ello pese a la baja aprobaci\u00f3n del presidente, como en el caso de Enrique Pe\u00f1a Nieto, que ten\u00eda un porcentaje de rechazo del 57 por ciento.&nbsp;<\/p>\n\n\n\n<p>Pese a lo anterior, indic\u00f3 que, a\u00fan con una mayor participaci\u00f3n ciudadan\u00eda, que subi\u00f3 en un cinco por ciento con relaci\u00f3n al 2015, Morena no pudo arrasar y por el contrario tuvo una p\u00e9rdida importante en la Ciudad de M\u00e9xico que hab\u00eda sido el basti\u00f3n de la izquierda encabezada por Andr\u00e9s Manuel L\u00f3pez Obrador.&nbsp;<\/p>\n\n\n\n<p>Ello aclar\u00f3, \u00fanicamente con una oposici\u00f3n coaligada, ya que de lo contrario el 40 por ciento de la votaci\u00f3n obtenida por el partido en el poder, en la pasada elecci\u00f3n, le permitir\u00eda ganar cualquier puesto de representaci\u00f3n popular venidero, incluida la jefatura de gobierno.<\/p>\n\n\n\n<p>Adem\u00e1s, explic\u00f3 que, de la Ciudad de M\u00e9xico hacia el sur, Morena gan\u00f3 todos los distritos uninominales del pa\u00eds, lo cual refleja la polarizaci\u00f3n del territorio ya que el norte respondi\u00f3 un poco m\u00e1s ante los partidos Acci\u00f3n Nacional y Movimiento Ciudadano, en esta elecci\u00f3n.&nbsp;&nbsp;<\/p>\n\n\n\n<p>Sin embargo, de acuerdo con Luis de la Calle el principal factor que tiene en su contra la 4T es el tiempo, ya que \u00e9ste se agota y en los pr\u00f3ximos tres a\u00f1os el presidente no podr\u00e1 inaugurar sus principales obras anunciadas como proyectos estructurales de su gobierno.<\/p>\n\n\n\n<p>Aun as\u00ed, advirti\u00f3 que en el 2022 Morena ira por el mayor n\u00famero de gubernaturas, teniendo ambas posibilidades de triunfo en Durango, Tamaulipas, Hidalgo y Oaxaca, donde de manera personas si vislumbra un candidato de consenso entre Alejandro Murat y la 4T.&nbsp;<\/p>\n\n\n\n<p>De ah\u00ed que dijo, es importante mantener el an\u00e1lisis pol\u00edtico, particularmente con miras a la sucesi\u00f3n presidencial en donde descart\u00f3 como buenos candidatos a Marcelo Ebrard y Claudia Sheinbaum, debido a los hechos recientes de la L\u00ednea 12 del metro y los resultados electorales, y por el contrario coloc\u00f3 en el escenario a Ricardo Monreal, Quirino Ordaz, Jaime Bonilla y Zo\u00e9 Robledo.<\/p>\n\n\n\n<p>Previo a la ponencia, Ad\u00e1n C\u00f3rdova, coordinador del Laboratorio Universitario de Estudios de Transparencia y Combate a la Corrupci\u00f3n de la UABJO, indic\u00f3 que hablar de la 4T es necesario desde el an\u00e1lisis serio y acad\u00e9mico, sin volcarse a uno de los \u201cbandos\u201d en lo que actualmente se divide la sociedad.<\/p>\n","protected":false},"excerpt":{"rendered":"<p>Evlin Arag\u00f3n\/Zona Roja. Oaxaca de Ju\u00e1rez, Oax., 27 de junio de 2021.- Tras la reciente&hellip;<\/p>\n","protected":false},"author":2,"featured_media":29007,"comment_status":"closed","ping_status":"open","sticky":false,"template":"","format":"standard","meta":{"_lmt_disableupdate":"","_lmt_disable":"","_jetpack_memberships_contains_paid_content":false,"footnotes":""},"categories":[109,46],"tags":[184],"class_list":["post-29006","post","type-post","status-publish","format-standard","has-post-thumbnail","hentry","category-minuto-a-minuto","category-zona-blanca","tag-adan-cordova-trujillo"],"jetpack_featured_media_url":"https:\/\/zonaroja.com.mx\/wp-content\/uploads\/2021\/06\/Luis-de-la-Calle.jpg","jetpack_sharing_enabled":true,"_links":{"self":[{"href":"https:\/\/zonaroja.com.mx\/index.php?rest_route=\/wp\/v2\/posts\/29006","targetHints":{"allow":["GET"]}}],"collection":[{"href":"https:\/\/zonaroja.com.mx\/index.php?rest_route=\/wp\/v2\/posts"}],"about":[{"href":"https:\/\/zonaroja.com.mx\/index.php?rest_route=\/wp\/v2\/types\/post"}],"author":[{"embeddable":true,"href":"https:\/\/zonaroja.com.mx\/index.php?rest_route=\/wp\/v2\/users\/2"}],"replies":[{"embeddable":true,"href":"https:\/\/zonaroja.com.mx\/index.php?rest_route=%2Fwp%2Fv2%2Fcomments&post=29006"}],"version-history":[{"count":2,"href":"https:\/\/zonaroja.com.mx\/index.php?rest_route=\/wp\/v2\/posts\/29006\/revisions"}],"predecessor-version":[{"id":29046,"href":"https:\/\/zonaroja.com.mx\/index.php?rest_route=\/wp\/v2\/posts\/29006\/revisions\/29046"}],"wp:featuredmedia":[{"embeddable":true,"href":"https:\/\/zonaroja.com.mx\/index.php?rest_route=\/wp\/v2\/media\/29007"}],"wp:attachment":[{"href":"https:\/\/zonaroja.com.mx\/index.php?rest_route=%2Fwp%2Fv2%2Fmedia&parent=29006"}],"wp:term":[{"taxonomy":"category","embeddable":true,"href":"https:\/\/zonaroja.com.mx\/index.php?rest_route=%2Fwp%2Fv2%2Fcategories&post=29006"},{"taxonomy":"post_tag","embeddable":true,"href":"https:\/\/zonaroja.com.mx\/index.php?rest_route=%2Fwp%2Fv2%2Ftags&post=29006"}],"curies":[{"name":"wp","href":"https:\/\/api.w.org\/{rel}","templated":true}]}}