{"id":2901,"date":"2019-08-07T21:45:38","date_gmt":"2019-08-08T02:45:38","guid":{"rendered":"http:\/\/www.zonaroja.com.mx\/?p=2901"},"modified":"2019-08-07T21:45:40","modified_gmt":"2019-08-08T02:45:40","slug":"impunes-delitos-en-ayutla-mixe-podrian-reactivarse-agresiones-armadas","status":"publish","type":"post","link":"https:\/\/zonaroja.com.mx\/?p=2901","title":{"rendered":"Impunes, delitos en Ayutla Mixe; podr\u00edan reactivarse agresiones armadas"},"content":{"rendered":"\n<p>Ismael\nGarc\u00eda M.\/Zona Roja.<\/p>\n\n\n\n<p>Oaxaca de\nJu\u00e1rez, Oax., 7 de agosto de 2019.- A dos a\u00f1os del asesinato de una persona y\nla retenci\u00f3n de al menos cuatro mujeres en San Pedro y San Pablo Ayutla Mixe,\nlos delitos permanecen impunes, denunciaron hoy organismos de la sociedad\ncivil, que realizaron una misi\u00f3n de observaci\u00f3n en ese municipio durante tres\nd\u00edas.<\/p>\n\n\n\n<p>\u201cRecibimos\ntestimonios de v\u00edctimas de hechos delictivos a quienes, a m\u00e1s de dos a\u00f1os, y\ntras presentar denuncias, no se ha garantizado el acceso a la justicia. <\/p>\n\n\n\n<p>\u201cSi bien la\nFiscal\u00eda General del Estado nombr\u00f3 una fiscal especial, esto no ha sido\nsuficiente, pues siguen sin cumplirse las diligencias correspondientes, no se\nhan recabado las pruebas necesarias y, en tanto, estos delitos se mantienen\nimpunes y los derechos de las v\u00edctimas contin\u00faan sin garantizarse\u201d, acusaron.<\/p>\n\n\n\n<p>El 5 de junio\nde 2017, se perpetr\u00f3 un ataque armado contra pobladores de Ayutla donde perdi\u00f3\nla vida Luis Juan Guadalupe y otras seis personas resultaron heridas con\nimpactos de arma de fuego, mientras que cuatro mujeres fueron retenidas y torturadas\npor autoridades de Tamazul\u00e1pam.<\/p>\n\n\n\n<p>En conferencia\nde prensa en una calle del Centro Hist\u00f3rico de la ciudad de Oaxaca, alertaron\ntambi\u00e9n de un probable resurgimiento del conflicto, ante la indolencia del\nGobierno del Estado por atender la problem\u00e1tica que enfrentan con sus vecinos\nde Tamazul\u00e1pam del Esp\u00edritu Santo.<\/p>\n\n\n\n<p>\u201cEntre las\nobservaciones de la Misi\u00f3n, recalcamos que esta problem\u00e1tica requiere de una\natenci\u00f3n integral, la cual necesariamente pasa por atender diligentemente el\nconflicto agrario derivado del despojo de tierras y de la falta de delimitaci\u00f3n\nde los l\u00edmites entre ambas comunidades.<\/p>\n\n\n\n<p>\u201cAdem\u00e1s, documentamos una serie de hechos que vulneran los derechos de las mujeres a vivir una vida libre de violencia, as\u00ed como los derechos econ\u00f3micos, sociales, culturales y ambientales\u201d, expusieron.<\/p>\n\n\n\n<figure class=\"wp-block-embed-twitter wp-block-embed is-type-rich is-provider-twitter\"><div class=\"wp-block-embed__wrapper\">\n<div class=\"twitter-tweet\"><blockquote class=\"twitter-tweet\" data-lang=\"es\"><p lang=\"es\" dir=\"ltr\"><a href=\"https:\/\/twitter.com\/hashtag\/OaxacaRojo?src=hash&amp;ref_src=twsrc%5Etfw\">#OaxacaRojo<\/a><br>M\u00e1s quejas por dilaci\u00f3n y negligencia en <a href=\"https:\/\/twitter.com\/FISCALIA_GobOax?ref_src=twsrc%5Etfw\">@FISCALIA_GobOax<\/a> que preside <a href=\"https:\/\/twitter.com\/RVasconcelosM?ref_src=twsrc%5Etfw\">@RVasconcelosM<\/a>; a m\u00e1s de dos a\u00f1os de denuncias en Ayutla Mixe, no hay justicia, dicen organismos civiles que realizaron misi\u00f3n de observaci\u00f3n.  <a href=\"https:\/\/twitter.com\/amundaca?ref_src=twsrc%5Etfw\">@amundaca<\/a> <a href=\"https:\/\/twitter.com\/horaciocorro?ref_src=twsrc%5Etfw\">@horaciocorro<\/a> <a href=\"https:\/\/twitter.com\/Elisa_ZepedaOax?ref_src=twsrc%5Etfw\">@Elisa_ZepedaOax<\/a> <a href=\"https:\/\/twitter.com\/ELPINERO?ref_src=twsrc%5Etfw\">@ELPINERO<\/a> <a href=\"https:\/\/t.co\/MG6AG1uUCu\">pic.twitter.com\/MG6AG1uUCu<\/a><\/p>&mdash; Zona Roja Oaxaca (@MexRoja) <a href=\"https:\/\/twitter.com\/MexRoja\/status\/1159232110818992129?ref_src=twsrc%5Etfw\">7 de agosto de 2019<\/a><\/blockquote><\/div>\n<\/div><\/figure>\n\n\n\n<p>Agregaron\nque los d\u00edas 5, 6 y 7 de julio, diversos organismos realizaron recorridos por\nesa comunidad de la Sierra Ju\u00e1rez, donde constataron la grave problem\u00e1tica\nderivada de un problema agrario y de la falta de agua.<\/p>\n\n\n\n<p>En cuanto al\nderecho al agua: Se document\u00f3 que la comunidad de Ayutla no cuenta con el\nservicio de agua a trav\u00e9s de la red de distribuci\u00f3n del municipio. Se pudo\nconstatar que, a pesar de ser un derecho humano y una necesidad vital,\nactualmente no se encuentra plenamente garantizado.<\/p>\n\n\n\n<p>\u201cEsta\nsituaci\u00f3n ha generado graves afectaciones a los derechos a la salud y a la\nalimentaci\u00f3n de la comunidad, y al derecho a la educaci\u00f3n de ni\u00f1as, ni\u00f1os y\nadolescentes. Ante la falta de este vital l\u00edquido, la comunidad ha optado por\nrecolectar el agua pluvial.<\/p>\n\n\n\n<p>\u201cPara la\nMisi\u00f3n y las organizaciones de derechos humanos que la conforman, el di\u00e1logo y\nlas v\u00edas institucionales son la ruta adecuada. Rechazamos el uso de la\nviolencia como medida de presi\u00f3n y llamamos al gobierno del estado de Oaxaca a\ncumplir cabalmente con sus obligaciones legales\u201d, expusieron.<\/p>\n\n\n\n<p>La Misi\u00f3n\nCivil de Observaci\u00f3n la conformaron la Red Nacional de Organismos Civiles de\nDerechos Humanos Todos los Derechos para Todas y Todos (conformada por 87\norganizaciones de 23 estados de la Rep\u00fablica mexicana).<\/p>\n\n\n\n<p>La Comisi\u00f3n\nRegional de Derechos Humanos Mahatma Gandhi \u2013Tuxtepec, la Red Solidaria de\nDerechos Humanos \u2013Michoac\u00e1n; Centro de Derechos Ind\u00edgenas Flor y Canto; Comit\u00e9\nde Defensa Integral de Derechos Humanos Gobixha A.C.; Servicios del Pueblo Mixe;\nAsesor\u00eda Integral y Litigios Estrat\u00e9gicos a Pueblos Originarios; Tequio\nJur\u00eddico y Servicios para una Educaci\u00f3n Alternativa (Educa).<\/p>\n","protected":false},"excerpt":{"rendered":"<p>Ismael Garc\u00eda M.\/Zona Roja. Oaxaca de Ju\u00e1rez, Oax., 7 de agosto de 2019.- A dos&hellip;<\/p>\n","protected":false},"author":2,"featured_media":2902,"comment_status":"closed","ping_status":"open","sticky":false,"template":"","format":"standard","meta":{"_lmt_disableupdate":"","_lmt_disable":"","_jetpack_memberships_contains_paid_content":false,"footnotes":""},"categories":[109,47],"tags":[500,501],"class_list":["post-2901","post","type-post","status-publish","format-standard","has-post-thumbnail","hentry","category-minuto-a-minuto","category-zona-gris","tag-mision-civil-de-observacion","tag-san-pedro-y-san-pablo-ayutla-mixe"],"jetpack_featured_media_url":"https:\/\/zonaroja.com.mx\/wp-content\/uploads\/2019\/08\/Misi\u00f3n-Civil-de-Observaci\u00f3n.jpg","jetpack_sharing_enabled":true,"_links":{"self":[{"href":"https:\/\/zonaroja.com.mx\/index.php?rest_route=\/wp\/v2\/posts\/2901","targetHints":{"allow":["GET"]}}],"collection":[{"href":"https:\/\/zonaroja.com.mx\/index.php?rest_route=\/wp\/v2\/posts"}],"about":[{"href":"https:\/\/zonaroja.com.mx\/index.php?rest_route=\/wp\/v2\/types\/post"}],"author":[{"embeddable":true,"href":"https:\/\/zonaroja.com.mx\/index.php?rest_route=\/wp\/v2\/users\/2"}],"replies":[{"embeddable":true,"href":"https:\/\/zonaroja.com.mx\/index.php?rest_route=%2Fwp%2Fv2%2Fcomments&post=2901"}],"version-history":[{"count":1,"href":"https:\/\/zonaroja.com.mx\/index.php?rest_route=\/wp\/v2\/posts\/2901\/revisions"}],"predecessor-version":[{"id":2903,"href":"https:\/\/zonaroja.com.mx\/index.php?rest_route=\/wp\/v2\/posts\/2901\/revisions\/2903"}],"wp:featuredmedia":[{"embeddable":true,"href":"https:\/\/zonaroja.com.mx\/index.php?rest_route=\/wp\/v2\/media\/2902"}],"wp:attachment":[{"href":"https:\/\/zonaroja.com.mx\/index.php?rest_route=%2Fwp%2Fv2%2Fmedia&parent=2901"}],"wp:term":[{"taxonomy":"category","embeddable":true,"href":"https:\/\/zonaroja.com.mx\/index.php?rest_route=%2Fwp%2Fv2%2Fcategories&post=2901"},{"taxonomy":"post_tag","embeddable":true,"href":"https:\/\/zonaroja.com.mx\/index.php?rest_route=%2Fwp%2Fv2%2Ftags&post=2901"}],"curies":[{"name":"wp","href":"https:\/\/api.w.org\/{rel}","templated":true}]}}