{"id":29012,"date":"2021-06-26T07:46:28","date_gmt":"2021-06-26T12:46:28","guid":{"rendered":"http:\/\/www.zonaroja.com.mx\/?p=29012"},"modified":"2021-06-26T07:46:30","modified_gmt":"2021-06-26T12:46:30","slug":"alertan-sobre-agresiones-sexuales-de-papas-a-hijos","status":"publish","type":"post","link":"https:\/\/zonaroja.com.mx\/?p=29012","title":{"rendered":"Alertan sobre agresiones sexuales de pap\u00e1s a hijos"},"content":{"rendered":"\n<p>Redacci\u00f3n\/Zona Roja.<\/p>\n\n\n\n<p>Oaxaca de Ju\u00e1rez, Oax., 26 de junio del 2021.- En el marco de la pasada celebraci\u00f3n del D\u00eda del Padre, la organizaci\u00f3n Consorcio Oaxaca present\u00f3 informaci\u00f3n sobre la violencia contra las mujeres que ejercen pap\u00e1s en la entidad.<\/p>\n\n\n\n<p>Al respecto, Mar\u00eda de Lourdes L\u00f3pez Velasco, responsable de la unidad jur\u00eddica de la organizaci\u00f3n, coment\u00f3 que la intenci\u00f3n de difundir esta informaci\u00f3n es \u201creflexionar sobre el ejercicio de la paternidad por lo que analizamos nuestra base de datos con esa intenci\u00f3n.<\/p>\n\n\n\n<p>\u201cAl ser informaci\u00f3n recabada de notas period\u00edsticas principalmente, nos es dif\u00edcil recabar datos de las personas que agreden. Pero los datos confirman lo que sabemos, que s\u00ed existen casos donde los pap\u00e1s son los agresores\u201d<\/p>\n\n\n\n<p>Del 1 de diciembre del 2016 al 21 de junio del 2021, lo que va de la administraci\u00f3n de Alejandro Murat, registran un total de dos mil 791 agresiones a mujeres, de \u00e9stas, en&nbsp; dos mil 111 no se identifica la relaci\u00f3n con la v\u00edctima.<\/p>\n\n\n\n<p>De los 680 casos d\u00f3nde se puede identificar al agresor, en 28 casos fueron pap\u00e1s en tres categor\u00edas: delitos sexuales, feminicidio y violencia familiar.<\/p>\n\n\n\n<p>\u201cNuestras cifras son aproximaciones porque realmente se desconoce cu\u00e1ntos pap\u00e1s o abuelos agreden a las mujeres de sus familias. No hay registro. En nuestra experiencia dando atenci\u00f3n sabemos que la violencia ejercida en los espacios privados puede ser invisibilizada o normalizada.<\/p>\n\n\n\n<p>\u201cPor eso, las cifras que presentamos se aproximan&nbsp; a la realidad que viven ni\u00f1as y mujeres v\u00edctimas de violencia, cuando en la mayor\u00eda de los abusos sexuales son ejercidos por alg\u00fan familiar, as\u00ed que los hogares se convierten en espacios inseguros para nosotras, incluso, lo estuvimos se\u00f1alando en\u00e9rgicamente durante esta pandemia, por el confinamiento con los agresores cuyo tema estuvimos trabajando de manera coordinada con otras organizaciones&nbsp; en la entidad para dar acompa\u00f1amiento\u201d, refiri\u00f3 la abogada.<\/p>\n\n\n\n<p>En la informaci\u00f3n presentada, mencionaron que el tipo de agresi\u00f3n con mayor incidencia en los delitos sexuales fue la violaci\u00f3n en nueve de los casos y el abuso sexual en tres.<\/p>\n\n\n\n<p>En cuanto a feminicidios, los dos casos registrados en donde el padre fue el victimario fueron el estrangulamiento y el ataque con arma blanca (machete).<\/p>\n\n\n\n<p>En la categor\u00eda de Violencia Familiar, en 11 de los casos la agresi\u00f3n fueron golpes e insultos, en dos el intento de feminicidio (1 ataque con arma blanca y otro con arma de fuego) y en 1 caso el delito fue la violencia patrimonial y econ\u00f3mica.<\/p>\n\n\n\n<p>\u201cEn nuestra sociedad hay una idealizaci\u00f3n muy fuerte de la familia y desafortunadamente la realidad nos est\u00e1 diciendo que existen casos d\u00f3nde los pap\u00e1s ejercen violencia en sus hijas y no podemos hacer que no lo vemos.<\/p>\n\n\n\n<p>\u201cLas masculinidades tambi\u00e9n deben de ser deconstruidas y para eso se necesitan pol\u00edticas p\u00fablicas que realmente trabajen con los hombres, los pap\u00e1s no deben de ejercer violencia, y se necesita mucha voluntad por parte de los varones porque sabemos hay resistencia, pero tambi\u00e9n hay hombres haciendo estas reflexiones y buscando nuevas formas de ser hombres y ejercer su paternidad\u201d, finaliz\u00f3 L\u00f3pez Velasco.<\/p>\n\n\n\n<p>(Comunicado)<\/p>\n","protected":false},"excerpt":{"rendered":"<p>Redacci\u00f3n\/Zona Roja. Oaxaca de Ju\u00e1rez, Oax., 26 de junio del 2021.- En el marco de&hellip;<\/p>\n","protected":false},"author":2,"featured_media":3970,"comment_status":"closed","ping_status":"open","sticky":false,"template":"","format":"standard","meta":{"_lmt_disableupdate":"","_lmt_disable":"","_jetpack_memberships_contains_paid_content":false,"footnotes":""},"categories":[109,47],"tags":[1093],"class_list":["post-29012","post","type-post","status-publish","format-standard","has-post-thumbnail","hentry","category-minuto-a-minuto","category-zona-gris","tag-consorcio-para-el-dialogo-oaxaca"],"jetpack_featured_media_url":"https:\/\/zonaroja.com.mx\/wp-content\/uploads\/2019\/09\/agresi\u00f3n-sexual.jpg","jetpack_sharing_enabled":true,"_links":{"self":[{"href":"https:\/\/zonaroja.com.mx\/index.php?rest_route=\/wp\/v2\/posts\/29012","targetHints":{"allow":["GET"]}}],"collection":[{"href":"https:\/\/zonaroja.com.mx\/index.php?rest_route=\/wp\/v2\/posts"}],"about":[{"href":"https:\/\/zonaroja.com.mx\/index.php?rest_route=\/wp\/v2\/types\/post"}],"author":[{"embeddable":true,"href":"https:\/\/zonaroja.com.mx\/index.php?rest_route=\/wp\/v2\/users\/2"}],"replies":[{"embeddable":true,"href":"https:\/\/zonaroja.com.mx\/index.php?rest_route=%2Fwp%2Fv2%2Fcomments&post=29012"}],"version-history":[{"count":1,"href":"https:\/\/zonaroja.com.mx\/index.php?rest_route=\/wp\/v2\/posts\/29012\/revisions"}],"predecessor-version":[{"id":29013,"href":"https:\/\/zonaroja.com.mx\/index.php?rest_route=\/wp\/v2\/posts\/29012\/revisions\/29013"}],"wp:featuredmedia":[{"embeddable":true,"href":"https:\/\/zonaroja.com.mx\/index.php?rest_route=\/wp\/v2\/media\/3970"}],"wp:attachment":[{"href":"https:\/\/zonaroja.com.mx\/index.php?rest_route=%2Fwp%2Fv2%2Fmedia&parent=29012"}],"wp:term":[{"taxonomy":"category","embeddable":true,"href":"https:\/\/zonaroja.com.mx\/index.php?rest_route=%2Fwp%2Fv2%2Fcategories&post=29012"},{"taxonomy":"post_tag","embeddable":true,"href":"https:\/\/zonaroja.com.mx\/index.php?rest_route=%2Fwp%2Fv2%2Ftags&post=29012"}],"curies":[{"name":"wp","href":"https:\/\/api.w.org\/{rel}","templated":true}]}}