{"id":29022,"date":"2021-06-26T11:13:15","date_gmt":"2021-06-26T16:13:15","guid":{"rendered":"http:\/\/www.zonaroja.com.mx\/?p=29022"},"modified":"2021-06-26T11:13:17","modified_gmt":"2021-06-26T16:13:17","slug":"cumple-tres-meses-desaparicion-de-claudia-uruchurtu-no-hallan-cuerpo","status":"publish","type":"post","link":"https:\/\/zonaroja.com.mx\/?p=29022","title":{"rendered":"Cumple tres meses desaparici\u00f3n de Claudia Uruchurtu; no hallan cuerpo"},"content":{"rendered":"\n<p>Ismael Garc\u00eda M. \/Zona Roja.<\/p>\n\n\n\n<p>Oaxaca de Ju\u00e1rez, Oax., a 26 de junio de 2021.- A tres meses de la desaparici\u00f3n de Claudia Uruchurtu, a\u00fan no hallan el cuerpo de la activista de Asunci\u00f3n Nochixtl\u00e1n.<\/p>\n\n\n\n<p>Sus hermanas Elizabeth y Sara Uruchurtu Cruz dirigieron hoy una misiva al Presidente de M\u00e9xico, Andr\u00e9s Manuel L\u00f3pez Obrador; al fiscal de Oaxaca, Arturo Peimbert Calvo, y al titular del Poder Judicial del Estado, Eduardo Pinacho S\u00e1nchez, a fin de que se aceleren los procesos judiciales y se agilice la b\u00fasqueda de la mujer, desaparecida tras una protesta el 26 de marzo por la noche en el palacio de Nochixtl\u00e1n.<\/p>\n\n\n\n<p>\u201cLa terrible experiencia de un familiar desaparecido no se puede describir, es nuestra vivencia con nuestra hermana Claudia, por eso es abominable y despreciable el acto de la desaparici\u00f3n forzada.<\/p>\n\n\n\n<p>\u201cPara su localizaci\u00f3n emprendimos diferentes itinerarios de lucha. Fue importante la intervenci\u00f3n del Comit\u00e9 de Victimas de Desapariciones de la organizaci\u00f3n de la Naciones Unidas (ONU); Amnist\u00eda Internacional, los parlamentarios de Reino Unido, el gobierno brit\u00e1nico, y sobre todo la participaci\u00f3n de la poblaci\u00f3n de Nochixtl\u00e1n que ha aportado datos valiosos, sin duda que los medios de comunicaci\u00f3n de nuestro estado de Oaxaca, as\u00ed como los medios nacionales y europeos jugaron un invaluable papel, a todos nuestros agradecimientos\u201d expusieron en el documento.<\/p>\n\n\n\n<p>A\u00f1adieron que hoy se cumplen tres meses de la desaparici\u00f3n de Claudia, \u201cy es lamentable que M\u00e9xico que vive un momento hist\u00f3rico ocurran estas tragedias, nos asombra por lo mismo que actores pol\u00edticos hayan defendido a ultranza a la hoy indiciada (Lizbeth V. H. quien fue presidenta de Nochixtl\u00e1n) tratando de evitar la acci\u00f3n de la justicia.<\/p>\n\n\n\n<p>\u201cLas palabras del presidente Andr\u00e9s Manuel L\u00f3pez Obrador fueron un aliciente para nosotros y nos dej\u00f3 claro que la b\u00fasqueda de justicia est\u00e1 por encima de los intereses pol\u00edticos\u201d, indicaron.<\/p>\n\n\n\n<p>Reiteraron su exigencia de justicia y recordaron que el pasado ste 17 de junio la Suprema Corte de Justicia de la Naci\u00f3n determin\u00f3 que los acuerdos del Comit\u00e9 de Personas Desaparecidas de la ONU sean obligatorias para el Estado mexicano, por lo cual reiteraron su llamado de b\u00fasqueda urgente de Claudia.<\/p>\n\n\n\n<p>A la Fiscal\u00eda General del Estado de Oaxaca le pidieron que contin\u00fae con sus investigaciones cuidando el proceso.<\/p>\n\n\n\n<p>A la Comisi\u00f3n Nacional de B\u00fasqueda, intensifique la localizaci\u00f3n de Claudia, \u201cporque un duelo no se puede procesar mientras no tengamos certeza del paradero de Claudia\u201d.<\/p>\n\n\n\n<p>Al Poder Judicial y magistrado de la causa respetuosamente demandaron nuevamente \u201csean conscientes de la magnitud de su responsabilidad para sancionar y erradicar este tipo de pr\u00e1cticas desde el poder y no olviden tampoco que Claudia es madre, hermana, hija, luchadora social y defensora de los derechos humanos\u201d.<\/p>\n\n\n\n<p>Agregaron que estuvieron atentas al proceso de selecci\u00f3n y nombramiento de la titular de la Comisi\u00f3n Estatal de B\u00fasqueda, Edilberta Cruz Regino, y \u201ces&nbsp; satisfactorio se haya cubierto ese importante vac\u00edo que estuvo vacante por m\u00e1s de un a\u00f1o\u201d.<\/p>\n","protected":false},"excerpt":{"rendered":"<p>Ismael Garc\u00eda M. \/Zona Roja. Oaxaca de Ju\u00e1rez, Oax., a 26 de junio de 2021.-&hellip;<\/p>\n","protected":false},"author":2,"featured_media":26000,"comment_status":"closed","ping_status":"open","sticky":false,"template":"","format":"standard","meta":{"_lmt_disableupdate":"","_lmt_disable":"","_jetpack_memberships_contains_paid_content":false,"footnotes":""},"categories":[109,47],"tags":[2582],"class_list":["post-29022","post","type-post","status-publish","format-standard","has-post-thumbnail","hentry","category-minuto-a-minuto","category-zona-gris","tag-claudia-uruchurtu-cruz"],"jetpack_featured_media_url":"https:\/\/zonaroja.com.mx\/wp-content\/uploads\/2021\/04\/Claudia-Uruchurtu-C..jpg","jetpack_sharing_enabled":true,"_links":{"self":[{"href":"https:\/\/zonaroja.com.mx\/index.php?rest_route=\/wp\/v2\/posts\/29022","targetHints":{"allow":["GET"]}}],"collection":[{"href":"https:\/\/zonaroja.com.mx\/index.php?rest_route=\/wp\/v2\/posts"}],"about":[{"href":"https:\/\/zonaroja.com.mx\/index.php?rest_route=\/wp\/v2\/types\/post"}],"author":[{"embeddable":true,"href":"https:\/\/zonaroja.com.mx\/index.php?rest_route=\/wp\/v2\/users\/2"}],"replies":[{"embeddable":true,"href":"https:\/\/zonaroja.com.mx\/index.php?rest_route=%2Fwp%2Fv2%2Fcomments&post=29022"}],"version-history":[{"count":1,"href":"https:\/\/zonaroja.com.mx\/index.php?rest_route=\/wp\/v2\/posts\/29022\/revisions"}],"predecessor-version":[{"id":29023,"href":"https:\/\/zonaroja.com.mx\/index.php?rest_route=\/wp\/v2\/posts\/29022\/revisions\/29023"}],"wp:featuredmedia":[{"embeddable":true,"href":"https:\/\/zonaroja.com.mx\/index.php?rest_route=\/wp\/v2\/media\/26000"}],"wp:attachment":[{"href":"https:\/\/zonaroja.com.mx\/index.php?rest_route=%2Fwp%2Fv2%2Fmedia&parent=29022"}],"wp:term":[{"taxonomy":"category","embeddable":true,"href":"https:\/\/zonaroja.com.mx\/index.php?rest_route=%2Fwp%2Fv2%2Fcategories&post=29022"},{"taxonomy":"post_tag","embeddable":true,"href":"https:\/\/zonaroja.com.mx\/index.php?rest_route=%2Fwp%2Fv2%2Ftags&post=29022"}],"curies":[{"name":"wp","href":"https:\/\/api.w.org\/{rel}","templated":true}]}}