{"id":29024,"date":"2021-06-26T11:20:14","date_gmt":"2021-06-26T16:20:14","guid":{"rendered":"http:\/\/www.zonaroja.com.mx\/?p=29024"},"modified":"2021-06-26T11:20:16","modified_gmt":"2021-06-26T16:20:16","slug":"va-consulta-popular-sin-financiamiento-y-con-mentiras-partidistas-ine","status":"publish","type":"post","link":"https:\/\/zonaroja.com.mx\/?p=29024","title":{"rendered":"Va consulta popular sin financiamiento y con mentiras partidistas: INE"},"content":{"rendered":"\n<p>Evlin Arag\u00f3n\/Zona Roja.<\/p>\n\n\n\n<p>Oaxaca de Ju\u00e1rez, Oax., 26 de junio de 2021.- Sin financiamiento por parte del Poder Ejecutivo que pidi\u00f3 la consulta, ni del Poder Legislativo que emiti\u00f3 la convocatoria, y con informaci\u00f3n sesgada como la que actualmente realiza Morena, as\u00ed es como se llevar\u00e1 a cabo la consulta popular programada para el pr\u00f3ximo primero de agosto, con el fin de esclarecer hechos del pasado.<\/p>\n\n\n\n<p>As\u00ed lo dio a conocer Humberto Arias Alba, delegado en Oaxaca del Instituto Nacional Electoral (INE), quien detall\u00f3 que ser\u00e1 del presupuesto propio de la dependencia que se designar\u00e1n 560 millones de pesos, muy por debajo de los mil 300 solicitados para llevar a cabo la consulta.&nbsp;<\/p>\n\n\n\n<p>De ah\u00ed que s\u00f3lo se vaya a instalar un tercio de la estructura que se mont\u00f3 en el proceso electoral del 6 de junio, lo que podr\u00eda poner en riesgo el resultado que se necesita -40 por ciento de participaci\u00f3n- para que la consulta popular sea vinculante.&nbsp;<\/p>\n\n\n\n<p>\u201cMuy lamentable que haya tan poca responsabilidad de las instancias que la solicitaron y la aprobaron, mucho menos de la Suprema Corte que pudo haber corregido la p\u00e1gina mediante la controversia que el INE present\u00f3\u201d, indic\u00f3 en conferencia.&nbsp;<\/p>\n\n\n\n<p>Por lo anterior indic\u00f3 que, tanto el Poder Ejecutivo federal como el Legislativo est\u00e1n obligando al INE a utilizar el presupuesto ya existente para una actividad que no est\u00e1 programada, sin embargo, la instituci\u00f3n ya se encuentra realizando los trabajos de organizaci\u00f3n para cumplir con su trabajo.&nbsp;<\/p>\n\n\n\n<p>As\u00ed mismo, explic\u00f3 que en Oaxaca solo se instalar\u00e1n mil 880 mesas receptoras, de las 60 mil en todo el pa\u00eds, las cuales est\u00e1n muy por debajo de las cinco mil 700 casillas instaladas el pasado 6 de junio; adem\u00e1s que se volver\u00e1 a pedir la participaci\u00f3n ciudadana para estar al frente.&nbsp;<\/p>\n\n\n\n<p>Arias Alba manifest\u00f3 que, en teor\u00eda, \u00fanicamente el INE podr\u00eda hacer promoci\u00f3n de la consulta popular, sin embargo, existe un vac\u00edo legal que est\u00e1n aprovechando militantes de Morena para incluso instalar modulo en los que invitan a la poblaci\u00f3n a participar, ello adem\u00e1s con informaci\u00f3n sesgada.&nbsp;<\/p>\n\n\n\n<p>Lo anterior toda vez que se est\u00e1 difundiendo que se trata de un ejercicio ciudadano para enjuiciar a los expresidentes y eso no es lo que dice la pregunta que dise\u00f1o la Suprema Corte de Justicia de la Naci\u00f3n.&nbsp;<\/p>\n\n\n\n<p>\u201cLa pregunta dice s\u00ed se est\u00e1 de acuerdo o no en que se realicen las acciones necesarias para que todos aquellos actores pol\u00edticos del pasado sean investigados por decisiones pol\u00edticas que tomaron, procurando que se haga justicia y atender a las v\u00edctimas, nada que ver con enjuiciar a presidentes\u201d, dijo.&nbsp; Pese a los obst\u00e1culos que enfrentar\u00e1 el INE, Humberto Arias record\u00f3 que ser\u00e1 la primera vez que se lleve a cabo este ejercicio democr\u00e1tico, por ello es importante que la poblaci\u00f3n participe y confi\u00e9 en que la instituci\u00f3n har\u00e1 un buen trabajo, tal y como lo hizo el pasado 6 de junio.<\/p>\n","protected":false},"excerpt":{"rendered":"<p>Evlin Arag\u00f3n\/Zona Roja. Oaxaca de Ju\u00e1rez, Oax., 26 de junio de 2021.- Sin financiamiento por&hellip;<\/p>\n","protected":false},"author":2,"featured_media":29025,"comment_status":"closed","ping_status":"open","sticky":false,"template":"","format":"standard","meta":{"_lmt_disableupdate":"","_lmt_disable":"","_jetpack_memberships_contains_paid_content":false,"footnotes":""},"categories":[109,47],"tags":[2764],"class_list":["post-29024","post","type-post","status-publish","format-standard","has-post-thumbnail","hentry","category-minuto-a-minuto","category-zona-gris","tag-instituto-nacional-electoral-ine"],"jetpack_featured_media_url":"https:\/\/zonaroja.com.mx\/wp-content\/uploads\/2021\/06\/Consulta-ex-presidentes.jpg","jetpack_sharing_enabled":true,"_links":{"self":[{"href":"https:\/\/zonaroja.com.mx\/index.php?rest_route=\/wp\/v2\/posts\/29024","targetHints":{"allow":["GET"]}}],"collection":[{"href":"https:\/\/zonaroja.com.mx\/index.php?rest_route=\/wp\/v2\/posts"}],"about":[{"href":"https:\/\/zonaroja.com.mx\/index.php?rest_route=\/wp\/v2\/types\/post"}],"author":[{"embeddable":true,"href":"https:\/\/zonaroja.com.mx\/index.php?rest_route=\/wp\/v2\/users\/2"}],"replies":[{"embeddable":true,"href":"https:\/\/zonaroja.com.mx\/index.php?rest_route=%2Fwp%2Fv2%2Fcomments&post=29024"}],"version-history":[{"count":1,"href":"https:\/\/zonaroja.com.mx\/index.php?rest_route=\/wp\/v2\/posts\/29024\/revisions"}],"predecessor-version":[{"id":29026,"href":"https:\/\/zonaroja.com.mx\/index.php?rest_route=\/wp\/v2\/posts\/29024\/revisions\/29026"}],"wp:featuredmedia":[{"embeddable":true,"href":"https:\/\/zonaroja.com.mx\/index.php?rest_route=\/wp\/v2\/media\/29025"}],"wp:attachment":[{"href":"https:\/\/zonaroja.com.mx\/index.php?rest_route=%2Fwp%2Fv2%2Fmedia&parent=29024"}],"wp:term":[{"taxonomy":"category","embeddable":true,"href":"https:\/\/zonaroja.com.mx\/index.php?rest_route=%2Fwp%2Fv2%2Fcategories&post=29024"},{"taxonomy":"post_tag","embeddable":true,"href":"https:\/\/zonaroja.com.mx\/index.php?rest_route=%2Fwp%2Fv2%2Ftags&post=29024"}],"curies":[{"name":"wp","href":"https:\/\/api.w.org\/{rel}","templated":true}]}}