{"id":29027,"date":"2021-06-26T11:22:39","date_gmt":"2021-06-26T16:22:39","guid":{"rendered":"http:\/\/www.zonaroja.com.mx\/?p=29027"},"modified":"2021-06-26T11:22:41","modified_gmt":"2021-06-26T16:22:41","slug":"hay-proteccion-de-agresores-de-maria-elena-rios-incluso-a-nivel-nacional","status":"publish","type":"post","link":"https:\/\/zonaroja.com.mx\/?p=29027","title":{"rendered":"Hay protecci\u00f3n de agresores de Mar\u00eda Elena R\u00edos, incluso a nivel nacional&nbsp;"},"content":{"rendered":"\n<p>Evlin Arag\u00f3n\/Zona Roja.<\/p>\n\n\n\n<p>Oaxaca de Ju\u00e1rez, Oax., 26 de junio de 2021.- La protecci\u00f3n hacia los agresores de Mar\u00eda Elena R\u00edos, saxofonista oaxaque\u00f1a atacada con \u00e1cido en septiembre del 2019 ha llegado incluso a nivel federal con la participaci\u00f3n a conveniencia de Santiago Nieto Castillo, titular de la Unidad de Inteligencia Financiera.&nbsp;<\/p>\n\n\n\n<p>As\u00ed lo declar\u00f3 ante los medios de comunicaci\u00f3n nacionales la propia v\u00edctima, quien record\u00f3 que, en marzo del 2020, Santiago Nieto y Rub\u00e9n Vasconcelos -ex fiscal de Oaxaca- realizaron una conferencia de prensa para informar el congelamiento de cuentas Juan Antonio V.C., las cuales ascend\u00edan a m\u00e1s de 503 millones de pesos.&nbsp;<\/p>\n\n\n\n<p>Sin embargo, de acuerdo con la joven, lo anterior fue nuevamente una estrategia de simulaci\u00f3n para hacer creer que se atend\u00eda el caso, el cual contaba con amplios reflectores a nivel nacional e internacional.&nbsp;<\/p>\n\n\n\n<p>\u201c\u00bfHasta d\u00f3nde llega Santiago Nieto a mentir?, \u00bfPor qu\u00e9 protege a mi agresor?, es lo que yo me pregunto. No es cualquier cosa la UIF. No s\u00e9 hasta d\u00f3nde es la protecci\u00f3n hac\u00eda estas personas, evidentemente tiene un poder tanto pol\u00edtico como econ\u00f3mico impresionante\u201d, manifest\u00f3 Mar\u00eda Elena, en entrevista con Ciro G\u00f3mez Leyva.<\/p>\n\n\n\n<p>En este mismo sentido, recrimin\u00f3 el actuar del actual fiscal Arturo Peimbert, quien se la pasa disculp\u00e1ndose por lo que no hizo su antecesor, pero no ofrece algo nuevo a las v\u00edctimas; y por el contrario recientemente se ausent\u00f3 del cargo para festejar su cumplea\u00f1os, lo cual habla de la falta de su compromiso al frente de una dependencia que requiere el doble de esfuerzo que cualquier otra.&nbsp;<\/p>\n\n\n\n<p>\u201cS\u00ed estoy molesta, estoy muy molesta, desconcertada y triste. Tengo mucha impotencia y frustraci\u00f3n porque las cosas siguen igual. O qu\u00e9, el fiscal s\u00f3lo lleg\u00f3 a cubrir un puesto de chocolate\u201d, cuestion\u00f3.&nbsp;<\/p>\n\n\n\n<p>La joven saxofonista reiter\u00f3 que, en diciembre de 2020, ella misma vio al quinto implicado en su ataque Juan V. H. -hijo de su ex pareja sentimental- caminando libremente por las calles, raz\u00f3n por la que habl\u00f3 con el ex fiscal Rub\u00e9n Vasconcelos para pedir la detenci\u00f3n inmediata, sin embargo, recibi\u00f3 una negativa como repuesta y a partir de ah\u00ed el funcionario ya no movi\u00f3 ni un dedo en el caso.&nbsp;<\/p>\n\n\n\n<p>\u201cTal parece que cuando mi ex pareja sentimental se entreg\u00f3, como mucha gente lo dijo, lo hizo para proteger los intereses de su hijo. Ahora comienzo a darle sentido a esos rumores\u201d.<\/p>\n\n\n\n<p>Por ello insiste en pedir c\u00e1rcel para Rub\u00e9n Vasconcelos M\u00e9ndez a quien se\u00f1ala de corrupto y protector de criminales, como ha quedado de manifiesto no s\u00f3lo en su caso, sino tambi\u00e9n en otros como el de la fotorreportera Mar\u00eda del Sol.&nbsp;<\/p>\n\n\n\n<p>Finalmente, y en torno a su salud, Mar\u00eda Elena asegur\u00f3 que es un proceso muy largo, sus cicatrices a\u00fan no han madurado lo suficiente para sea intervenida quir\u00fargicamente, de ah\u00ed que todav\u00eda le preocupa su estado f\u00edsico, adem\u00e1s de su seguridad y la de su familia, toda vez que el quinto implicado en los hechos sigue libre.&nbsp;&nbsp;<\/p>\n","protected":false},"excerpt":{"rendered":"<p>Evlin Arag\u00f3n\/Zona Roja. Oaxaca de Ju\u00e1rez, Oax., 26 de junio de 2021.- La protecci\u00f3n hacia&hellip;<\/p>\n","protected":false},"author":2,"featured_media":28635,"comment_status":"closed","ping_status":"open","sticky":false,"template":"","format":"standard","meta":{"_lmt_disableupdate":"","_lmt_disable":"","_jetpack_memberships_contains_paid_content":false,"footnotes":""},"categories":[109,47],"tags":[1124],"class_list":["post-29027","post","type-post","status-publish","format-standard","has-post-thumbnail","hentry","category-minuto-a-minuto","category-zona-gris","tag-maria-elena-rios-ortiz"],"jetpack_featured_media_url":"https:\/\/zonaroja.com.mx\/wp-content\/uploads\/2021\/06\/Maria-Elena-Rios-mural.jpg","jetpack_sharing_enabled":true,"_links":{"self":[{"href":"https:\/\/zonaroja.com.mx\/index.php?rest_route=\/wp\/v2\/posts\/29027","targetHints":{"allow":["GET"]}}],"collection":[{"href":"https:\/\/zonaroja.com.mx\/index.php?rest_route=\/wp\/v2\/posts"}],"about":[{"href":"https:\/\/zonaroja.com.mx\/index.php?rest_route=\/wp\/v2\/types\/post"}],"author":[{"embeddable":true,"href":"https:\/\/zonaroja.com.mx\/index.php?rest_route=\/wp\/v2\/users\/2"}],"replies":[{"embeddable":true,"href":"https:\/\/zonaroja.com.mx\/index.php?rest_route=%2Fwp%2Fv2%2Fcomments&post=29027"}],"version-history":[{"count":1,"href":"https:\/\/zonaroja.com.mx\/index.php?rest_route=\/wp\/v2\/posts\/29027\/revisions"}],"predecessor-version":[{"id":29028,"href":"https:\/\/zonaroja.com.mx\/index.php?rest_route=\/wp\/v2\/posts\/29027\/revisions\/29028"}],"wp:featuredmedia":[{"embeddable":true,"href":"https:\/\/zonaroja.com.mx\/index.php?rest_route=\/wp\/v2\/media\/28635"}],"wp:attachment":[{"href":"https:\/\/zonaroja.com.mx\/index.php?rest_route=%2Fwp%2Fv2%2Fmedia&parent=29027"}],"wp:term":[{"taxonomy":"category","embeddable":true,"href":"https:\/\/zonaroja.com.mx\/index.php?rest_route=%2Fwp%2Fv2%2Fcategories&post=29027"},{"taxonomy":"post_tag","embeddable":true,"href":"https:\/\/zonaroja.com.mx\/index.php?rest_route=%2Fwp%2Fv2%2Ftags&post=29027"}],"curies":[{"name":"wp","href":"https:\/\/api.w.org\/{rel}","templated":true}]}}