{"id":2904,"date":"2019-08-07T22:21:33","date_gmt":"2019-08-08T03:21:33","guid":{"rendered":"http:\/\/www.zonaroja.com.mx\/?p=2904"},"modified":"2019-08-07T22:26:17","modified_gmt":"2019-08-08T03:26:17","slug":"no-solo-somos-marchas-y-plantones-y-mucho-menos-delincuentes-s-22","status":"publish","type":"post","link":"https:\/\/zonaroja.com.mx\/?p=2904","title":{"rendered":"\u201cNo s\u00f3lo somos marchas y plantones; mucho menos delincuentes\u201d: S-22"},"content":{"rendered":"\n<p>Ismael\nGarc\u00eda M.\/Zona Roja<\/p>\n\n\n\n<p>Oaxaca de\nJu\u00e1rez, Oax., 7 de agosto de 2019.- \u201cEstamos demostrando al Estado mexicano que\nlos maestros de Oaxaca no solamente somos marchas, plantones y mucho menos la\ndemostraci\u00f3n que nos se\u00f1alan que somos unos delincuentes\u201d.<\/p>\n\n\n\n<p>Lo anterior lo asever\u00f3 el secretario General de la Secci\u00f3n 22 del Sindicato Nacional de Trabajadores de la Educaci\u00f3n, Eloy L\u00f3pez Hern\u00e1ndez, al poner en marcha la ma\u00f1ana de este mi\u00e9rcoles el Taller Estatal de Educaci\u00f3n Alternativa, en el auditorio del llamado \u201cHotel del Magisterio\u201d.<\/p>\n\n\n\n<p>En\nconferencia de prensa del inicio de los trabajos, rebati\u00f3 tambi\u00e9n hayan asumido\nel control de la asignaci\u00f3n de plazas para docentes:<\/p>\n\n\n\n<p>\u201cLa rector\u00eda\nes responsabilidad del Estado, nosotros no tomamos ni retomamos el control de\nlas plazas en ning\u00fan momento; que se interprete en ese sentido es distinto. Quien\ntiene la responsabilidad es el Estado y nosotros somos vigilantes para coadyuvar\nque todos los procesos de asignaci\u00f3n de plazas y horas sea transparentado y\np\u00fablico.<\/p>\n\n\n\n<p>\u201cNosotros lo exigimos porque se nos se\u00f1ala que los maestros somos los que vendemos las plazas y si fuera as\u00ed, que hagan la renuncia correspondiente. Lo que exige la Secci\u00f3n 22 es que se cumplan y respeten los derechos laborales. Quien asigna una plaza no es una persona, tiene que haber una comisi\u00f3n o subcomisi\u00f3n mixta dictaminadora para que se cumplan los procesos y quien lo amerita efectivamente. Pero no aceptamos que tenemos el control ni mucho menos la venta de plazas\u201d, afirm\u00f3.<\/p>\n\n\n\n<figure class=\"wp-block-embed-twitter wp-block-embed is-type-rich is-provider-twitter\"><div class=\"wp-block-embed__wrapper\">\n<div class=\"twitter-tweet\"><blockquote class=\"twitter-tweet\" data-lang=\"es\"><p lang=\"es\" dir=\"ltr\">\u201cLa rector\u00eda es responsabilidad del Estado, nosotros no tomamos ni retomamos el control de las plazas en ning\u00fan momento\u201d, dijo hoy Eloy L\u00f3pez Hern\u00e1ndez, dirigente de la <a href=\"https:\/\/twitter.com\/SECCIONXXII?ref_src=twsrc%5Etfw\">@SECCIONXXII<\/a>, respecto al tema  laboral. <a href=\"https:\/\/t.co\/C7O4XUXUC8\">pic.twitter.com\/C7O4XUXUC8<\/a><\/p>&mdash; Zona Roja Oaxaca (@MexRoja) <a href=\"https:\/\/twitter.com\/MexRoja\/status\/1159191253365547008?ref_src=twsrc%5Etfw\">7 de agosto de 2019<\/a><\/blockquote><\/div>\n<\/div><\/figure>\n\n\n\n<p>Acompa\u00f1ado\ndel secretario de Prensa y Propaganda, as\u00ed como dem\u00e1s dirigentes, tambi\u00e9n\nasegur\u00f3 que el magisterio continuar\u00e1 en rebeld\u00eda, pues el gobierno federal a\ntrav\u00e9s de la SEP pretende implementar un modelo de \u201cescuela mexicana\u201d el\npr\u00f3ximo ciclo escolar.<\/p>\n\n\n\n<p>\u201cUn llamado\na las bases para mantener la resistencia; nosotros mantendremos vigente el\nnivel de educaci\u00f3n especial y educaci\u00f3n f\u00edsica, el ind\u00edgena, las tecnolog\u00edas,\nel pensamiento cr\u00edtico. El nuevo proyecto alternativo de naci\u00f3n pretende\ndesarrollar nuevo modelo de educaci\u00f3n de la \u2018escuela mexicana\u2019, no la vamos a\nrespetar\u201d, recalc\u00f3.<\/p>\n\n\n\n<p>Por otra\nparte, dieron a conocer un cuadernillo del Plan para la Transformaci\u00f3n de la\nEducaci\u00f3n en Oaxaca, el cual se distribuir\u00e1 en las 13 mil 500 escuelas que hay\nen los 570 municipios de Oaxaca.<\/p>\n\n\n\n<p>El vocero\nWilbert Santiago aclaro que los libros de texto que reparte la Comisi\u00f2n\nNacional de Libros de Texto Gratuito se recibir\u00e1n, pero que no ser\u00e1n la\nprioridad en sus planes de estudios.<\/p>\n\n\n\n<p>\u201cDistribuiremos\nnuestros materiales propios en fotocopias, que se alternar\u00e1n con los libros de\ntexto oficiales\u201d, afirm\u00f3.<\/p>\n","protected":false},"excerpt":{"rendered":"<p>Ismael Garc\u00eda M.\/Zona Roja Oaxaca de Ju\u00e1rez, Oax., 7 de agosto de 2019.- \u201cEstamos demostrando&hellip;<\/p>\n","protected":false},"author":2,"featured_media":2907,"comment_status":"closed","ping_status":"open","sticky":false,"template":"","format":"standard","meta":{"_lmt_disableupdate":"","_lmt_disable":"","_jetpack_memberships_contains_paid_content":false,"footnotes":""},"categories":[109,47],"tags":[502,312],"class_list":["post-2904","post","type-post","status-publish","format-standard","has-post-thumbnail","hentry","category-minuto-a-minuto","category-zona-gris","tag-eloy-lopez-hernande","tag-seccion-22-del-snte"],"jetpack_featured_media_url":"https:\/\/zonaroja.com.mx\/wp-content\/uploads\/2019\/08\/eZy-Watermark_07-08-2019_10-17-33p.-m..jpg","jetpack_sharing_enabled":true,"_links":{"self":[{"href":"https:\/\/zonaroja.com.mx\/index.php?rest_route=\/wp\/v2\/posts\/2904","targetHints":{"allow":["GET"]}}],"collection":[{"href":"https:\/\/zonaroja.com.mx\/index.php?rest_route=\/wp\/v2\/posts"}],"about":[{"href":"https:\/\/zonaroja.com.mx\/index.php?rest_route=\/wp\/v2\/types\/post"}],"author":[{"embeddable":true,"href":"https:\/\/zonaroja.com.mx\/index.php?rest_route=\/wp\/v2\/users\/2"}],"replies":[{"embeddable":true,"href":"https:\/\/zonaroja.com.mx\/index.php?rest_route=%2Fwp%2Fv2%2Fcomments&post=2904"}],"version-history":[{"count":2,"href":"https:\/\/zonaroja.com.mx\/index.php?rest_route=\/wp\/v2\/posts\/2904\/revisions"}],"predecessor-version":[{"id":2908,"href":"https:\/\/zonaroja.com.mx\/index.php?rest_route=\/wp\/v2\/posts\/2904\/revisions\/2908"}],"wp:featuredmedia":[{"embeddable":true,"href":"https:\/\/zonaroja.com.mx\/index.php?rest_route=\/wp\/v2\/media\/2907"}],"wp:attachment":[{"href":"https:\/\/zonaroja.com.mx\/index.php?rest_route=%2Fwp%2Fv2%2Fmedia&parent=2904"}],"wp:term":[{"taxonomy":"category","embeddable":true,"href":"https:\/\/zonaroja.com.mx\/index.php?rest_route=%2Fwp%2Fv2%2Fcategories&post=2904"},{"taxonomy":"post_tag","embeddable":true,"href":"https:\/\/zonaroja.com.mx\/index.php?rest_route=%2Fwp%2Fv2%2Ftags&post=2904"}],"curies":[{"name":"wp","href":"https:\/\/api.w.org\/{rel}","templated":true}]}}