{"id":29047,"date":"2021-06-27T07:53:52","date_gmt":"2021-06-27T12:53:52","guid":{"rendered":"http:\/\/www.zonaroja.com.mx\/?p=29047"},"modified":"2021-06-27T10:37:24","modified_gmt":"2021-06-27T15:37:24","slug":"denuncian-que-peimbert-viola-derechos-de-trabajadores-de-fiscalia","status":"publish","type":"post","link":"https:\/\/zonaroja.com.mx\/?p=29047","title":{"rendered":"Denuncian que Peimbert viola derechos de trabajadores de Fiscal\u00eda"},"content":{"rendered":"\n<p>Redacci\u00f3n\/Zona Roja.<\/p>\n\n\n\n<p>Oaxaca de Ju\u00e1rez, Oax., 27 de junio de 2021.- Trabajadores de confianza de la Fiscal\u00eda General del Estado de Oaxaca denunciaron que el ex ombudsman y ahora titular de la instituci\u00f3n, Arturo Peimbert Calvo, viola los derechos humanos del personal, al cesar a varios de ellos sin ning\u00fan argumento.<\/p>\n\n\n\n<p>Asimismo, confirmaron el probable caso de nepotismo, pues la esposa de Carlos Holder, secretario particular de Peimbert, Cinthia Lizzette Valle G\u00e9nico, es desde hace un mes la Oficial Mayor de la Fiscal\u00eda, pese a que tiene denuncias de corrupci\u00f3n a su paso como administrativa en el hospital del ISSSTE en la capital.<\/p>\n\n\n\n<p>De acuerdo con la denuncia de los afectados, Peimbert se ha ensa\u00f1ado con trabajadores de confianza y administrativos que por m\u00e1s de cinco a\u00f1os han servido a esa dependencia, con jornadas de trabajo de 12 horas, sin derecho a vacaciones ni d\u00edas de descanso.<\/p>\n\n\n\n<p>Pues desde hace un mes y en forma escalonada les han pedido su renuncia a trav\u00e9s de vicefiscales y directores, y suman una treintena de trabajadores que han sido despedidos sin derecho a prestaciones de ley.<\/p>\n\n\n\n<p>De esa manera, agregaron, madres y padres de familia, se han quedado sin el sustento de su casa por no ser del mismo partido (Morena) de quien pusiera al Fiscal del Estado, como tampoco son luchadores sociales, sencillamente se han dedicado a ser institucionales por cuidar su fuente de trabajo.<\/p>\n\n\n\n<p>Adem\u00e1s, sin conocer de derechos laborales y mucho menos de procuraci\u00f3n de justicia, Peimbert Calvo hace caso omiso a pagarles la indemnizaci\u00f3n que a derecho corresponde; \u201ca escasos tres meses de su llegada, se ha dedicado &#8211;como lo hizo en la Defensor\u00eda de Derechos Humanos del Estado de Oaxaca&#8211;, a viajar al extranjero acompa\u00f1\u00e1ndose de sus 15 escoltas y esposa con gastos pagados<\/p>\n\n\n\n<p>\u201cPero no precisamente en avi\u00f3n comercial, sino en avi\u00f3n privado, y adem\u00e1s ya cuenta con dos camionetas Montana de luxe, una para \u00e9l y otra para su esposa, y en sus oficinas que ocupa como bunker en la colonia Reforma cuenta con chef especial a su servicio\u201d expusieron en su denuncia.<\/p>\n\n\n\n<p>Demandaron la intervenci\u00f3n de la Defensor\u00eda de los Derechos Humanos del Pueblo de Oaxaca, a fin de que no sean violentadas sus garant\u00edas.<\/p>\n","protected":false},"excerpt":{"rendered":"<p>Redacci\u00f3n\/Zona Roja. Oaxaca de Ju\u00e1rez, Oax., 27 de junio de 2021.- Trabajadores de confianza de&hellip;<\/p>\n","protected":false},"author":2,"featured_media":8850,"comment_status":"closed","ping_status":"open","sticky":false,"template":"","format":"standard","meta":{"_lmt_disableupdate":"","_lmt_disable":"","_jetpack_memberships_contains_paid_content":false,"footnotes":""},"categories":[109,47],"tags":[2532,494],"class_list":["post-29047","post","type-post","status-publish","format-standard","has-post-thumbnail","hentry","category-minuto-a-minuto","category-zona-gris","tag-arturo-peimbert-calvo","tag-fiscalia-general-del-estado-de-oaxaca"],"jetpack_featured_media_url":"https:\/\/zonaroja.com.mx\/wp-content\/uploads\/2020\/02\/Sede-Fiscal\u00eda-General-4.png","jetpack_sharing_enabled":true,"_links":{"self":[{"href":"https:\/\/zonaroja.com.mx\/index.php?rest_route=\/wp\/v2\/posts\/29047","targetHints":{"allow":["GET"]}}],"collection":[{"href":"https:\/\/zonaroja.com.mx\/index.php?rest_route=\/wp\/v2\/posts"}],"about":[{"href":"https:\/\/zonaroja.com.mx\/index.php?rest_route=\/wp\/v2\/types\/post"}],"author":[{"embeddable":true,"href":"https:\/\/zonaroja.com.mx\/index.php?rest_route=\/wp\/v2\/users\/2"}],"replies":[{"embeddable":true,"href":"https:\/\/zonaroja.com.mx\/index.php?rest_route=%2Fwp%2Fv2%2Fcomments&post=29047"}],"version-history":[{"count":2,"href":"https:\/\/zonaroja.com.mx\/index.php?rest_route=\/wp\/v2\/posts\/29047\/revisions"}],"predecessor-version":[{"id":29052,"href":"https:\/\/zonaroja.com.mx\/index.php?rest_route=\/wp\/v2\/posts\/29047\/revisions\/29052"}],"wp:featuredmedia":[{"embeddable":true,"href":"https:\/\/zonaroja.com.mx\/index.php?rest_route=\/wp\/v2\/media\/8850"}],"wp:attachment":[{"href":"https:\/\/zonaroja.com.mx\/index.php?rest_route=%2Fwp%2Fv2%2Fmedia&parent=29047"}],"wp:term":[{"taxonomy":"category","embeddable":true,"href":"https:\/\/zonaroja.com.mx\/index.php?rest_route=%2Fwp%2Fv2%2Fcategories&post=29047"},{"taxonomy":"post_tag","embeddable":true,"href":"https:\/\/zonaroja.com.mx\/index.php?rest_route=%2Fwp%2Fv2%2Ftags&post=29047"}],"curies":[{"name":"wp","href":"https:\/\/api.w.org\/{rel}","templated":true}]}}