{"id":29053,"date":"2021-06-27T12:39:39","date_gmt":"2021-06-27T17:39:39","guid":{"rendered":"http:\/\/www.zonaroja.com.mx\/?p=29053"},"modified":"2021-06-27T12:39:41","modified_gmt":"2021-06-27T17:39:41","slug":"impune-asesinato-de-ciclista-gaby-soto-semovi-no-ha-hecho-nada","status":"publish","type":"post","link":"https:\/\/zonaroja.com.mx\/?p=29053","title":{"rendered":"Impune asesinato de ciclista Gaby Soto; Semovi no ha hecho nada"},"content":{"rendered":"\n<p>Ismael Garc\u00eda M.\/Zona Roja.<\/p>\n\n\n\n<p>Oaxaca de Ju\u00e1rez, Oax., 27 de junio de 2021.- A medio a\u00f1o de la muerte de Gabriela Soto, atropellada por una unidad de transporte de pasajeros, el caso sigue impune, denunciaron hoy ciclistas.<\/p>\n\n\n\n<p>La asociaci\u00f3n \u201cGaby Bici Blanca\u201d y otras organizaciones efectuaron este domingo una rodada en el centro de la ciudad, para exigir respeto a quienes utilizan las bicicletas como medio de transporte o distracci\u00f3n.<\/p>\n\n\n\n<p>Asimismo, para denunciar que pese al compromiso de la Secretar\u00eda de Movilidad (Semovi) de actuar y retirar la concesi\u00f3n a la unidad de la l\u00ednea \u201cZaachila Yoo\u201d, \u00e9stas siguen laborando de manera impune.<\/p>\n\n\n\n<p>Gabriela Soto Garc\u00eda fue atropellada por un autob\u00fas de pasajeros de dicha concesionaria, el pasado 18 de diciembre de 2020, en el bulevar Guadalupe Hinojosa de Santa Cruz Xoxocotl\u00e1n, cerca del crucero de la Ex Garita.<\/p>\n\n\n\n<figure class=\"wp-block-embed-twitter wp-block-embed is-type-rich is-provider-twitter\"><div class=\"wp-block-embed__wrapper\">\n<div class=\"twitter-tweet\"><blockquote class=\"twitter-tweet\" data-lang=\"es\"><p lang=\"es\" dir=\"ltr\"><a href=\"https:\/\/twitter.com\/hashtag\/%C3%9AltimoMinuto?src=hash&amp;ref_src=twsrc%5Etfw\">#\u00daltimoMinuto<\/a> <br>A medio a\u00f1o del asesinato de la ciclista Gaby Soto, hasta ahora el caso sigue impune y la l\u00ednea de transporte \u201cZaachila Yoo\u201d sigue operando sin ser sancionada, denunciaron hoy durante una rodada para exigir justicia y respeto. <a href=\"https:\/\/t.co\/15k2viFyiK\">pic.twitter.com\/15k2viFyiK<\/a><\/p>&mdash; Zona Roja Oaxaca (@Zona_Roja_Oax) <a href=\"https:\/\/twitter.com\/Zona_Roja_Oax\/status\/1409202671958085638?ref_src=twsrc%5Etfw\">27 de junio de 2021<\/a><\/blockquote><\/div>\n<\/div><\/figure>\n\n\n\n<p>\u201cHasta el d\u00eda de hoy, \u201cZaachia Yoo\u201d no ha dado la cara p\u00fablicamente; no les han retirado la concesi\u00f3n. Despu\u00e9s del 18 de diciembre empezaron a tapar sus irresponsabilidades, colocando n\u00fameros econ\u00f3micos y supuestamente regulariz\u00e1ndose cuando no es cierto\u201d, dijo Esther Soto, hermana de Gaby.<\/p>\n\n\n\n<p>Indic\u00f3 que la jornada de este domingo se realiz\u00f3 en varias ciudades de la Rep\u00fablica Mexicana, para exigir respeto al peat\u00f3n y al ciclista y para demandar justicia por las v\u00edctimas de las unidades motorizadas, pues cada d\u00eda mueren aproximadamente 44 personas en el pa\u00eds a causa de atropellamientos en bicicleta.<\/p>\n\n\n\n<p>\u201cPedimos a las autoridades que act\u00faen; no deber\u00edamos salir a protestar para exigir nuestros derechos, pero si es la \u00fanica forma que nos har\u00e1n caso, nos vamos a seguir movilizando\u201d, destac\u00f3 la joven.<\/p>\n","protected":false},"excerpt":{"rendered":"<p>Ismael Garc\u00eda M.\/Zona Roja. Oaxaca de Ju\u00e1rez, Oax., 27 de junio de 2021.- A medio&hellip;<\/p>\n","protected":false},"author":2,"featured_media":29054,"comment_status":"closed","ping_status":"open","sticky":false,"template":"","format":"standard","meta":{"_lmt_disableupdate":"","_lmt_disable":"","_jetpack_memberships_contains_paid_content":false,"footnotes":""},"categories":[109,47],"tags":[2304],"class_list":["post-29053","post","type-post","status-publish","format-standard","has-post-thumbnail","hentry","category-minuto-a-minuto","category-zona-gris","tag-gabriela-soto"],"jetpack_featured_media_url":"https:\/\/zonaroja.com.mx\/wp-content\/uploads\/2021\/06\/Rodada-cicilsta-Gabriela-Soto.jpg","jetpack_sharing_enabled":true,"_links":{"self":[{"href":"https:\/\/zonaroja.com.mx\/index.php?rest_route=\/wp\/v2\/posts\/29053","targetHints":{"allow":["GET"]}}],"collection":[{"href":"https:\/\/zonaroja.com.mx\/index.php?rest_route=\/wp\/v2\/posts"}],"about":[{"href":"https:\/\/zonaroja.com.mx\/index.php?rest_route=\/wp\/v2\/types\/post"}],"author":[{"embeddable":true,"href":"https:\/\/zonaroja.com.mx\/index.php?rest_route=\/wp\/v2\/users\/2"}],"replies":[{"embeddable":true,"href":"https:\/\/zonaroja.com.mx\/index.php?rest_route=%2Fwp%2Fv2%2Fcomments&post=29053"}],"version-history":[{"count":1,"href":"https:\/\/zonaroja.com.mx\/index.php?rest_route=\/wp\/v2\/posts\/29053\/revisions"}],"predecessor-version":[{"id":29055,"href":"https:\/\/zonaroja.com.mx\/index.php?rest_route=\/wp\/v2\/posts\/29053\/revisions\/29055"}],"wp:featuredmedia":[{"embeddable":true,"href":"https:\/\/zonaroja.com.mx\/index.php?rest_route=\/wp\/v2\/media\/29054"}],"wp:attachment":[{"href":"https:\/\/zonaroja.com.mx\/index.php?rest_route=%2Fwp%2Fv2%2Fmedia&parent=29053"}],"wp:term":[{"taxonomy":"category","embeddable":true,"href":"https:\/\/zonaroja.com.mx\/index.php?rest_route=%2Fwp%2Fv2%2Fcategories&post=29053"},{"taxonomy":"post_tag","embeddable":true,"href":"https:\/\/zonaroja.com.mx\/index.php?rest_route=%2Fwp%2Fv2%2Ftags&post=29053"}],"curies":[{"name":"wp","href":"https:\/\/api.w.org\/{rel}","templated":true}]}}