{"id":29056,"date":"2021-06-27T15:05:14","date_gmt":"2021-06-27T20:05:14","guid":{"rendered":"http:\/\/www.zonaroja.com.mx\/?p=29056"},"modified":"2021-06-27T15:05:16","modified_gmt":"2021-06-27T20:05:16","slug":"prohibe-seccion-22-a-normalistas-contratarse-como-maestros","status":"publish","type":"post","link":"https:\/\/zonaroja.com.mx\/?p=29056","title":{"rendered":"Proh\u00edbe Secci\u00f3n 22 a normalistas contratarse como maestros"},"content":{"rendered":"\n<p>Ismael Garc\u00eda M.\/Zona Roja.<\/p>\n\n\n\n<p>Oaxaca de Ju\u00e1rez, Oax., 27 de junio de 2021.- La Secci\u00f3n 22 del SNTE prohibi\u00f3 a los normalistas egresados de la generaci\u00f3n 2019 contratarse como docentes, hasta generar consensos con la gremial, la SEP y el IEEPO.<\/p>\n\n\n\n<p>El secretario T\u00e9cnico del Comit\u00e9 Ejecutivo Seccional, Porfirio Guti\u00e9rrez Nicol\u00e1s, emiti\u00f3 un oficio a los futuros maestros, a fin de advertirles de no concluir el proceso de alta, pues la SEP est\u00e1 aplicando una evaluaci\u00f3n que consideran punitiva.<\/p>\n\n\n\n<p>Y es que la gremial agrupada en la Coordinadora Nacional de Trabajadores de la Educaci\u00f3n (CNTE) rechaza la Unidad del Sistema para la Carrera de las Maestras y los Maestros (Usicamm), de la SEP, pues la medida \u201clesiona los derechos de los trabajadores\u201d.<\/p>\n\n\n\n<p>Por ello, esta ma\u00f1ana cientos de docentes y normalistas marcharon de la fuente de las Ocho Regiones al z\u00f3calo de la capital, para exigir contrataci\u00f3n de docentes sin tanto requisito.<\/p>\n\n\n\n<figure class=\"wp-block-embed-twitter wp-block-embed is-type-rich is-provider-twitter\"><div class=\"wp-block-embed__wrapper\">\n<div class=\"twitter-tweet\"><blockquote class=\"twitter-tweet\" data-lang=\"es\"><p lang=\"es\" dir=\"ltr\"><a href=\"https:\/\/twitter.com\/hashtag\/%C3%9AltimoMinuto?src=hash&amp;ref_src=twsrc%5Etfw\">#\u00daltimoMinuto<\/a> <br>Esta ma\u00f1ana un reducido grupo de integrantes de la Secci\u00f3n en la del SNTE realiza una marcha de la fuente de las Ocho Regiones al z\u00f3calo de la capital de <a href=\"https:\/\/twitter.com\/hashtag\/Oaxaca?src=hash&amp;ref_src=twsrc%5Etfw\">#Oaxaca<\/a>, en apoyo a normalistas. <a href=\"https:\/\/t.co\/MvD3mHBOYq\">pic.twitter.com\/MvD3mHBOYq<\/a><\/p>&mdash; Zona Roja Oaxaca (@Zona_Roja_Oax) <a href=\"https:\/\/twitter.com\/Zona_Roja_Oax\/status\/1409157186236948484?ref_src=twsrc%5Etfw\">27 de junio de 2021<\/a><\/blockquote><\/div>\n<\/div><\/figure>\n\n\n\n<p>Gersah\u00edn \u00c1ngel Cruz, titular de la Secretar\u00eda de Trabajo y Conflictos del Nivel Primaria de la Secci\u00f3n 22, puntualiz\u00f3 en entrevista que el mecanismo es \u201cpunitivo\u201d y deber\u00eda derogarse y los aspirantes a docentes no deber\u00e1n registrase.<\/p>\n\n\n\n<p>\u201cUno de estos planteamientos es el ejercicio que est\u00e1 convocando la SEP, pero estamos buscando la derogaci\u00f3n, toda vez que los compa\u00f1eros (egresados) ya llevan aproximadamente nueve meses de servicio y ya debieran tener su basificaci\u00f3n y los est\u00e1n condicionando a que se realice este ejercicio.<\/p>\n\n\n\n<p>\u201cSi no hay una respuesta positiva, la Secci\u00f3n 22 no va a dudar en todo el respaldo a los normalistas; insisto en que este proceso de evaluaci\u00f3n es punitivo nosotros acordamos respaldarlos para que no lo apliquen\u201d, recalc\u00f3.<\/p>\n\n\n\n<p>La marcha concluy\u00f3 con un mitin en el z\u00f3calo de la capital oaxaque\u00f1a pero prev\u00e9n movilizarse de nuevo durante la semana.<\/p>\n","protected":false},"excerpt":{"rendered":"<p>Ismael Garc\u00eda M.\/Zona Roja. Oaxaca de Ju\u00e1rez, Oax., 27 de junio de 2021.- La Secci\u00f3n&hellip;<\/p>\n","protected":false},"author":2,"featured_media":29057,"comment_status":"closed","ping_status":"open","sticky":false,"template":"","format":"standard","meta":{"_lmt_disableupdate":"","_lmt_disable":"","_jetpack_memberships_contains_paid_content":false,"footnotes":""},"categories":[109,47],"tags":[312],"class_list":["post-29056","post","type-post","status-publish","format-standard","has-post-thumbnail","hentry","category-minuto-a-minuto","category-zona-gris","tag-seccion-22-del-snte"],"jetpack_featured_media_url":"https:\/\/zonaroja.com.mx\/wp-content\/uploads\/2021\/06\/Oficio-Seccion-22-normalistas.jpg","jetpack_sharing_enabled":true,"_links":{"self":[{"href":"https:\/\/zonaroja.com.mx\/index.php?rest_route=\/wp\/v2\/posts\/29056","targetHints":{"allow":["GET"]}}],"collection":[{"href":"https:\/\/zonaroja.com.mx\/index.php?rest_route=\/wp\/v2\/posts"}],"about":[{"href":"https:\/\/zonaroja.com.mx\/index.php?rest_route=\/wp\/v2\/types\/post"}],"author":[{"embeddable":true,"href":"https:\/\/zonaroja.com.mx\/index.php?rest_route=\/wp\/v2\/users\/2"}],"replies":[{"embeddable":true,"href":"https:\/\/zonaroja.com.mx\/index.php?rest_route=%2Fwp%2Fv2%2Fcomments&post=29056"}],"version-history":[{"count":1,"href":"https:\/\/zonaroja.com.mx\/index.php?rest_route=\/wp\/v2\/posts\/29056\/revisions"}],"predecessor-version":[{"id":29058,"href":"https:\/\/zonaroja.com.mx\/index.php?rest_route=\/wp\/v2\/posts\/29056\/revisions\/29058"}],"wp:featuredmedia":[{"embeddable":true,"href":"https:\/\/zonaroja.com.mx\/index.php?rest_route=\/wp\/v2\/media\/29057"}],"wp:attachment":[{"href":"https:\/\/zonaroja.com.mx\/index.php?rest_route=%2Fwp%2Fv2%2Fmedia&parent=29056"}],"wp:term":[{"taxonomy":"category","embeddable":true,"href":"https:\/\/zonaroja.com.mx\/index.php?rest_route=%2Fwp%2Fv2%2Fcategories&post=29056"},{"taxonomy":"post_tag","embeddable":true,"href":"https:\/\/zonaroja.com.mx\/index.php?rest_route=%2Fwp%2Fv2%2Ftags&post=29056"}],"curies":[{"name":"wp","href":"https:\/\/api.w.org\/{rel}","templated":true}]}}