{"id":29060,"date":"2021-06-27T15:16:36","date_gmt":"2021-06-27T20:16:36","guid":{"rendered":"http:\/\/www.zonaroja.com.mx\/?p=29060"},"modified":"2021-06-27T15:16:38","modified_gmt":"2021-06-27T20:16:38","slug":"registro-civil-y-ran-habrian-dado-por-muertos-a-22-comuneros-aun-vivos","status":"publish","type":"post","link":"https:\/\/zonaroja.com.mx\/?p=29060","title":{"rendered":"Registro Civil y RAN habr\u00edan dado por muertos a 22 comuneros, a\u00fan vivos"},"content":{"rendered":"\n<p>Redacci\u00f3n\/Zona Roja.<\/p>\n\n\n\n<p>Oaxaca de Ju\u00e1rez, Oax., 27 de junio de 2021.- La Defensor\u00eda de los Derechos Humanos del Pueblo de Oaxaca inici\u00f3 una investigaci\u00f3n ante la denuncia efectuada por representantes de personas comuneras pertenecientes al municipio de Santo Domingo Ixcatl\u00e1n, Tlaxiaco, Oaxaca, quienes se\u00f1alaron que autoridades del Registro Civil y del Registro Agrario Nacional (RAN), habr\u00edan validado el fallecimiento de 22 personas que actualmente se encuentran vivas.<\/p>\n\n\n\n<p>El hecho, advirti\u00f3 el organismo aut\u00f3nomo, vulnera entre otros, el derecho al reconocimiento de la personalidad jur\u00eddica, a la seguridad jur\u00eddica y particularmente, el derecho a la tierra y a poder disfrutar su territorio ind\u00edgena.<\/p>\n\n\n\n<p>La DDHPO inform\u00f3 que, tras iniciar el expediente DDHPO\/1007\/(25)\/OAX\/2021, solicit\u00f3 informaci\u00f3n a las autoridades se\u00f1aladas como responsables, pues tiene conocimiento que 22 de esas personas comuneras supuestamente fallecidas, cuentan con medidas cautelares por parte de la Comisi\u00f3n Interamericana de Derechos Humanos (CIDH).<\/p>\n\n\n\n<p>E indic\u00f3 que analizar\u00e1 la posible comisi\u00f3n de violaciones a derechos humanos en las que probablemente incurrieron servidores p\u00fablicos de las instituciones responsables, fundamentalmente, relacionados con la vulneraci\u00f3n del derecho al reconocimiento de la personalidad jur\u00eddica de personas que a\u00fan se encuentran vivas, hecho que tendr\u00eda como consecuencia desconocer la posibilidad de las mismas a ser titulares de derechos y deberes, sobre todo, los concernientes a su car\u00e1cter de persona comunera.<\/p>\n\n\n\n<p>As\u00ed tambi\u00e9n, la Defensor\u00eda advirti\u00f3 que es fundamental investigar y aclarar este tipo de actos, pues las propias autoridades agrarias se\u00f1alan que, en Oaxaca, el 76 por ciento del territorio es propiedad social &#8211;comprendiendo siete mil 200 millones de hect\u00e1reas&#8211;, lo cual implica darle certeza jur\u00eddica a la tenencia de la tierra y con ello, evitar posibles conflictos agrarios o sociales al interior de las comunidades o con otras.<\/p>\n\n\n\n<p>El \u00f3rgano aut\u00f3nomo manifest\u00f3 su especial preocupaci\u00f3n respecto a la obligaci\u00f3n que las autoridades tienen de proteger el derecho a la personalidad jur\u00eddica de las personas en nuestra entidad, pues en un Estado de Derecho, esta prerrogativa se convierte en base para el ejercicio de otros derechos.<\/p>\n\n\n\n<p>La Defensor\u00eda record\u00f3 que en d\u00edas pasados tambi\u00e9n recibi\u00f3 la queja por parte de los hermanos G\u00f3mez Conzatti, quienes se\u00f1alaron la actuaci\u00f3n irregular del Registro Civil, por robo de identidad.<\/p>\n\n\n\n<p>La instituci\u00f3n apunt\u00f3 que entre 2018 y hasta el primer semestre de 2021, se han documentado 105 quejas relacionadas con actos que podr\u00edan constituir violaciones a derechos humanos cometidos por servidores p\u00fablicos del Registro Civil.<\/p>\n\n\n\n<p>Entre los derechos mayormente violentados que se desprenden de las propias quejas, se encuentra el relacionado con la seguridad jur\u00eddica, legalidad, identidad, petici\u00f3n y pronta respuesta, as\u00ed como derechos de la comunidad LGBTTTIQ+.<\/p>\n\n\n\n<p>En este contexto, pidi\u00f3 a las diferentes autoridades encargadas de reconocer y proteger la personalidad jur\u00eddica de las personas, actuar con responsabilidad en los actos jur\u00eddicos que les toca validar, y buscar desterrar las pr\u00e1cticas contrarias a ello, pues no hacerlo, adem\u00e1s de las sanciones administrativas o penales a que diera lugar la mala praxis, se generan serios perjuicios a las personas f\u00edsicas o colectivas agraviadas y en no pocos casos, profunda inestabilidad social en los territorios.<\/p>\n","protected":false},"excerpt":{"rendered":"<p>Redacci\u00f3n\/Zona Roja. Oaxaca de Ju\u00e1rez, Oax., 27 de junio de 2021.- La Defensor\u00eda de los&hellip;<\/p>\n","protected":false},"author":2,"featured_media":17449,"comment_status":"closed","ping_status":"open","sticky":false,"template":"","format":"standard","meta":{"_lmt_disableupdate":"","_lmt_disable":"","_jetpack_memberships_contains_paid_content":false,"footnotes":""},"categories":[109,47],"tags":[1725],"class_list":["post-29060","post","type-post","status-publish","format-standard","has-post-thumbnail","hentry","category-minuto-a-minuto","category-zona-gris","tag-santo-domingo-ixcatlan"],"jetpack_featured_media_url":"https:\/\/zonaroja.com.mx\/wp-content\/uploads\/2020\/09\/Direccion-del-Registro-Civil-Oaxaca.jpg","jetpack_sharing_enabled":true,"_links":{"self":[{"href":"https:\/\/zonaroja.com.mx\/index.php?rest_route=\/wp\/v2\/posts\/29060","targetHints":{"allow":["GET"]}}],"collection":[{"href":"https:\/\/zonaroja.com.mx\/index.php?rest_route=\/wp\/v2\/posts"}],"about":[{"href":"https:\/\/zonaroja.com.mx\/index.php?rest_route=\/wp\/v2\/types\/post"}],"author":[{"embeddable":true,"href":"https:\/\/zonaroja.com.mx\/index.php?rest_route=\/wp\/v2\/users\/2"}],"replies":[{"embeddable":true,"href":"https:\/\/zonaroja.com.mx\/index.php?rest_route=%2Fwp%2Fv2%2Fcomments&post=29060"}],"version-history":[{"count":1,"href":"https:\/\/zonaroja.com.mx\/index.php?rest_route=\/wp\/v2\/posts\/29060\/revisions"}],"predecessor-version":[{"id":29061,"href":"https:\/\/zonaroja.com.mx\/index.php?rest_route=\/wp\/v2\/posts\/29060\/revisions\/29061"}],"wp:featuredmedia":[{"embeddable":true,"href":"https:\/\/zonaroja.com.mx\/index.php?rest_route=\/wp\/v2\/media\/17449"}],"wp:attachment":[{"href":"https:\/\/zonaroja.com.mx\/index.php?rest_route=%2Fwp%2Fv2%2Fmedia&parent=29060"}],"wp:term":[{"taxonomy":"category","embeddable":true,"href":"https:\/\/zonaroja.com.mx\/index.php?rest_route=%2Fwp%2Fv2%2Fcategories&post=29060"},{"taxonomy":"post_tag","embeddable":true,"href":"https:\/\/zonaroja.com.mx\/index.php?rest_route=%2Fwp%2Fv2%2Ftags&post=29060"}],"curies":[{"name":"wp","href":"https:\/\/api.w.org\/{rel}","templated":true}]}}