{"id":29064,"date":"2021-06-27T19:05:47","date_gmt":"2021-06-28T00:05:47","guid":{"rendered":"http:\/\/www.zonaroja.com.mx\/?p=29064"},"modified":"2021-06-27T19:05:49","modified_gmt":"2021-06-28T00:05:49","slug":"tras-apertura-de-rector-para-relevo-inician-sindicatos-andanada","status":"publish","type":"post","link":"https:\/\/zonaroja.com.mx\/?p=29064","title":{"rendered":"Tras apertura de rector para relevo, inician sindicatos andanada"},"content":{"rendered":"\n<p>Ismael Garc\u00eda M.\/Zona Roja.<\/p>\n\n\n\n<p>Oaxaca de Ju\u00e1rez, Oax., 27 de junio de 2021.- Luego de que el rector de la UABJO convocara a la Comisi\u00f3n Electoral a revisar los tiempos y las formas para el relevo en la instituci\u00f3n, diversos sindicatos iniciar\u00e1n una escalada de violencia a partir de esta semana.<\/p>\n\n\n\n<p>Bajo el argumento de exigir cumplimiento a demandas laborales, a partir de este lunes al menos tres gremios comenzar\u00e1n movilizaciones y toma de oficinas de la Universidad Aut\u00f3noma \u201cBenito Ju\u00e1rez\u201d de Oaxaca.<\/p>\n\n\n\n<p>Uno de ellos es el Sindicato Universitario de Acad\u00e9micos (SUA), que tras asamblea del pasado jueves, convoc\u00f3 a iniciar este lunes un paro indefinido de labores, \u201cante el incumplimiento a nuestro pliego de peticiones\u201d, sin especificar cu\u00e1les.<\/p>\n\n\n\n<p>Lo mismo hizo el STAUO, que encabeza Enrique Mart\u00ednez &#8211;quien por en\u00e9sima ocasi\u00f3n aspira a la rector\u00eda&#8211;, al convocar a sus afiliados a \u201ctomar\u201d las instalaciones universitarias de manera indefinida a partir de ma\u00f1ana.<\/p>\n\n\n\n<p>\u201cEsto con motivo del incumplimiento al convenio firmado el pasado 15 de abril del a\u00f1o en curso\u201d, tambi\u00e9n sin detallar cu\u00e1les demandas.<\/p>\n\n\n\n<p>Mientras que el STEUABJO, azuzado por Ariel Luj\u00e1n y Gustavo Avenda\u00f1o, prev\u00e9n intensificar presiones para exigir un pago de laudo laboral por cerca de 20 millones de pesos, que beneficiar\u00eda a sus familiares y fue logrado en probable contubernio con funcionarios de la Junta Local de Conciliaci\u00f3n y Arbitraje.<\/p>\n\n\n\n<p>NO HAY PENDIENTES<\/p>\n\n\n\n<p>Este fin de semana, la UABJO que encabeza Eduardo Bautista Mart\u00ednez, emiti\u00f3 un posicionamiento, en que resumi\u00f3 que no hay ning\u00fan pendiente laboral con empleados.<\/p>\n\n\n\n<p>\u201cLa Universidad ha dado cumplimiento al pago puntual de salarios y prestaciones a la totalidad de trabajadores que se encuentran en confinamiento desde marzo de 2020, lo que ha permitido brindarles estabilidad econ\u00f3mica y de salud tambi\u00e9n a sus familias\u201d, expuso.<\/p>\n\n\n\n<p>Precis\u00f3 que este a\u00f1o, ha atendido cuatro emplazamientos a huelga promovido por diversas expresiones de los seis sindicatos existentes en la Universidad, \u201cprivilegiando en todo momento el di\u00e1logo y los acuerdos para la atenci\u00f3n de las demandas laborales, sin discriminaci\u00f3n o menoscabo\u201d.<\/p>\n\n\n\n<p>En el caso del STAUO especific\u00f3 que hay tiempos marcados para atender los acuerdos alcanzados y de los cuales hay un avance del 90 por ciento, quedando s\u00f3lo tres asuntos en calidad de tr\u00e1mite.<\/p>\n\n\n\n<p>En raz\u00f3n de ello, las movilizaciones de dicho gremio, aunado al del SUA, que no cuenta con titularidad de trabajo, \u201cser\u00eda un atentado arbitrario e ilegal contra de la Universidad\u201d.<\/p>\n\n\n\n<p>Por ello, la UABJO exhort\u00f3 a los l\u00edderes de ambas expresiones sindicales a anteponer la estabilidad de la Universidad y el inter\u00e9s de la comunidad estudiantil por encima de cuestiones pol\u00edticas y econ\u00f3micas de car\u00e1cter personal.<\/p>\n\n\n\n<p>De acuerdo con fuentes universitarias, la escalada de sindicatos ser\u00eda de manera para presionar y ser tomados en cuenta en el proceso electoral de sucesi\u00f3n de rector; el plazo de Eduardo Bautista venci\u00f3 en mayo del a\u00f1o pasado pero fue prolongado por el Consejo Universitario debido a la situaci\u00f3n de la pandemia por Covid-19.<\/p>\n","protected":false},"excerpt":{"rendered":"<p>Ismael Garc\u00eda M.\/Zona Roja. Oaxaca de Ju\u00e1rez, Oax., 27 de junio de 2021.- Luego de&hellip;<\/p>\n","protected":false},"author":2,"featured_media":16903,"comment_status":"closed","ping_status":"open","sticky":false,"template":"","format":"standard","meta":{"_lmt_disableupdate":"","_lmt_disable":"","_jetpack_memberships_contains_paid_content":false,"footnotes":""},"categories":[109,47],"tags":[282],"class_list":["post-29064","post","type-post","status-publish","format-standard","has-post-thumbnail","hentry","category-minuto-a-minuto","category-zona-gris","tag-universidad-autonoma-benito-juarez-de-oaxaca"],"jetpack_featured_media_url":"https:\/\/zonaroja.com.mx\/wp-content\/uploads\/2020\/08\/Rectoria-UABJO-2.jpg","jetpack_sharing_enabled":true,"_links":{"self":[{"href":"https:\/\/zonaroja.com.mx\/index.php?rest_route=\/wp\/v2\/posts\/29064","targetHints":{"allow":["GET"]}}],"collection":[{"href":"https:\/\/zonaroja.com.mx\/index.php?rest_route=\/wp\/v2\/posts"}],"about":[{"href":"https:\/\/zonaroja.com.mx\/index.php?rest_route=\/wp\/v2\/types\/post"}],"author":[{"embeddable":true,"href":"https:\/\/zonaroja.com.mx\/index.php?rest_route=\/wp\/v2\/users\/2"}],"replies":[{"embeddable":true,"href":"https:\/\/zonaroja.com.mx\/index.php?rest_route=%2Fwp%2Fv2%2Fcomments&post=29064"}],"version-history":[{"count":1,"href":"https:\/\/zonaroja.com.mx\/index.php?rest_route=\/wp\/v2\/posts\/29064\/revisions"}],"predecessor-version":[{"id":29065,"href":"https:\/\/zonaroja.com.mx\/index.php?rest_route=\/wp\/v2\/posts\/29064\/revisions\/29065"}],"wp:featuredmedia":[{"embeddable":true,"href":"https:\/\/zonaroja.com.mx\/index.php?rest_route=\/wp\/v2\/media\/16903"}],"wp:attachment":[{"href":"https:\/\/zonaroja.com.mx\/index.php?rest_route=%2Fwp%2Fv2%2Fmedia&parent=29064"}],"wp:term":[{"taxonomy":"category","embeddable":true,"href":"https:\/\/zonaroja.com.mx\/index.php?rest_route=%2Fwp%2Fv2%2Fcategories&post=29064"},{"taxonomy":"post_tag","embeddable":true,"href":"https:\/\/zonaroja.com.mx\/index.php?rest_route=%2Fwp%2Fv2%2Ftags&post=29064"}],"curies":[{"name":"wp","href":"https:\/\/api.w.org\/{rel}","templated":true}]}}