{"id":29070,"date":"2021-06-27T21:42:57","date_gmt":"2021-06-28T02:42:57","guid":{"rendered":"http:\/\/www.zonaroja.com.mx\/?p=29070"},"modified":"2021-06-27T21:42:59","modified_gmt":"2021-06-28T02:42:59","slug":"acusado-de-masacre-es-de-nuevo-reelecto-agente-de-huazantlan","status":"publish","type":"post","link":"https:\/\/zonaroja.com.mx\/?p=29070","title":{"rendered":"Acusado de masacre es de nuevo reelecto agente de Huazantl\u00e1n"},"content":{"rendered":"\n<p>Redacci\u00f3n\/Zona Roja.<\/p>\n\n\n\n<p>Oaxaca de Ju\u00e1rez, Oax., 27 de junio de 2021.- Jos\u00e9 Luis Ch\u00e1vez Salinas, acusado de encabezar la masacre de 15 ind\u00edgenas el 21 y 22 de junio de 2020, fue reelecto este domingo como agente de Huazantl\u00e1n del R\u00edo, municipio San Mateo del Mar.<\/p>\n\n\n\n<p>La jornada inici\u00f3 alrededor de las 09:00 horas y ante probables hechos violentos, la Secretar\u00eda de Seguridad P\u00fablica de Oaxaca (SSPO) despleg\u00f3 un amplio operativo de vigilancia en la zona.<\/p>\n\n\n\n<p>La jornada culmin\u00f3 alrededor de las 15:00 horas sin ning\u00fan incidente, inform\u00f3 la dependencia que encabeza Heliodoro D\u00edaz Esc\u00e1rraga.<\/p>\n\n\n\n<p>Sin embargo, familiares de las v\u00edctimas de la masacre de hace un a\u00f1o, recriminaron la elecci\u00f3n de Ch\u00e1vez Salinas, pues lo se\u00f1alan de instigar a la poblaci\u00f3n desde inicios de mayo del a\u00f1o pasado, en que se suscitaron los primeros hechos violentos, con la quema de veh\u00edculos y lesiones a varias personas.<\/p>\n\n\n\n<p>Entre los acusados se encuentran tambi\u00e9n Te\u00f3fila Ochoa Gonz\u00e1lez, Emanuel Villase\u00f1or, Pulciano Oviedo, Camerino D\u00e1valos Larrinzar, Pedro D\u00e1valos Larrinzar, Laura Fiallo Sandoval, M\u00e1ximo Leyva Piamonte, Te\u00f3fila Ochoa.<\/p>\n\n\n\n<p>El 21 de diciembre de 2020, en uno de varios comunicados que ha emitido el Comit\u00e9 de V\u00edctimas y Sobrevivientes de la Masacre de Huazantl\u00e1n, se\u00f1alaron directamente a Ch\u00e1vez Salinas de ordenar el encarcelamiento, el 2 de mayo de ese a\u00f1o, de 30 personas, entre ellas Mar\u00eda del Rosario Guerra Salazar, Estela Virgen Olavarri Montero, Luz Elba Ponce Hinojosa y Okas Marissa Rangel Oviedo, as\u00ed como su menor hija Mar\u00eda Fernanda R. O.<\/p>\n\n\n\n<p>Las mismas acudieron el 4 de mayo a presentar su denuncia a la sede de la Fiscal\u00eda General del Estado en Salina Cruz, pero no les fue recibida la queja. El 5 de mayo llegaron a la Defensor\u00eda de Derechos Humanos del Pueblo de Oaxaca en la capital, donde interpusieron una queja.<\/p>\n\n\n\n<p>Pero a falta de medidas cautelares, Okas Marissa y 14 personas m\u00e1s fueron masacradas el 21 y 22 de junio del a\u00f1o pasado.<\/p>\n\n\n\n<p>Reiteradamente han denunciado al hoy agente municipal y su grupo de seguidores, as\u00ed como a \u201cgente que se adscribe como parte del crimen organizado, tal como sucede como Gualterio Escand\u00f3n, alias \u2018Gual Perol\u2019, quien ha financiado al agente de Huazantl\u00e1n para mantener un grupo armado\u201d.<\/p>\n","protected":false},"excerpt":{"rendered":"<p>Redacci\u00f3n\/Zona Roja. Oaxaca de Ju\u00e1rez, Oax., 27 de junio de 2021.- Jos\u00e9 Luis Ch\u00e1vez Salinas,&hellip;<\/p>\n","protected":false},"author":2,"featured_media":29071,"comment_status":"closed","ping_status":"open","sticky":false,"template":"","format":"standard","meta":{"_lmt_disableupdate":"","_lmt_disable":"","_jetpack_memberships_contains_paid_content":false,"footnotes":""},"categories":[109,47],"tags":[1656,2220],"class_list":["post-29070","post","type-post","status-publish","format-standard","has-post-thumbnail","hentry","category-minuto-a-minuto","category-zona-gris","tag-huazantlan-del-rio","tag-jose-luis-chavez-salinas"],"jetpack_featured_media_url":"https:\/\/zonaroja.com.mx\/wp-content\/uploads\/2021\/06\/Elecciones-Huazantlan-del-Rio.jpg","jetpack_sharing_enabled":true,"_links":{"self":[{"href":"https:\/\/zonaroja.com.mx\/index.php?rest_route=\/wp\/v2\/posts\/29070","targetHints":{"allow":["GET"]}}],"collection":[{"href":"https:\/\/zonaroja.com.mx\/index.php?rest_route=\/wp\/v2\/posts"}],"about":[{"href":"https:\/\/zonaroja.com.mx\/index.php?rest_route=\/wp\/v2\/types\/post"}],"author":[{"embeddable":true,"href":"https:\/\/zonaroja.com.mx\/index.php?rest_route=\/wp\/v2\/users\/2"}],"replies":[{"embeddable":true,"href":"https:\/\/zonaroja.com.mx\/index.php?rest_route=%2Fwp%2Fv2%2Fcomments&post=29070"}],"version-history":[{"count":1,"href":"https:\/\/zonaroja.com.mx\/index.php?rest_route=\/wp\/v2\/posts\/29070\/revisions"}],"predecessor-version":[{"id":29072,"href":"https:\/\/zonaroja.com.mx\/index.php?rest_route=\/wp\/v2\/posts\/29070\/revisions\/29072"}],"wp:featuredmedia":[{"embeddable":true,"href":"https:\/\/zonaroja.com.mx\/index.php?rest_route=\/wp\/v2\/media\/29071"}],"wp:attachment":[{"href":"https:\/\/zonaroja.com.mx\/index.php?rest_route=%2Fwp%2Fv2%2Fmedia&parent=29070"}],"wp:term":[{"taxonomy":"category","embeddable":true,"href":"https:\/\/zonaroja.com.mx\/index.php?rest_route=%2Fwp%2Fv2%2Fcategories&post=29070"},{"taxonomy":"post_tag","embeddable":true,"href":"https:\/\/zonaroja.com.mx\/index.php?rest_route=%2Fwp%2Fv2%2Ftags&post=29070"}],"curies":[{"name":"wp","href":"https:\/\/api.w.org\/{rel}","templated":true}]}}