{"id":29074,"date":"2021-06-28T07:14:12","date_gmt":"2021-06-28T12:14:12","guid":{"rendered":"http:\/\/www.zonaroja.com.mx\/?p=29074"},"modified":"2021-06-28T07:14:14","modified_gmt":"2021-06-28T12:14:14","slug":"tras-exigencias-de-maria-elena-rios-ofrece-fgei-1-mdp-por-juan-antonio-vera","status":"publish","type":"post","link":"https:\/\/zonaroja.com.mx\/?p=29074","title":{"rendered":"Tras exigencias de Mar\u00eda Elena R\u00edos, ofrece FGEI 1 mdp por Juan Antonio Vera"},"content":{"rendered":"\n<p>Ismael Garc\u00eda M.\/Zona Roja.<\/p>\n\n\n\n<p>Oaxaca de Ju\u00e1rez, Oax., 28 de junio de 2021.- Tras intensos reclamos y exigencias de Mar\u00eda Elena R\u00edos Ortiz, a trav\u00e9s de las redes sociales, la Fiscal\u00eda General del Estado de Oaxaca emiti\u00f3 una ficha de b\u00fasqueda con recompensa por hasta un mill\u00f3n de pesos para Juan Antonio Vera Hern\u00e1ndez, quinto probable responsable de intento de feminicidio.<\/p>\n\n\n\n<p>\u201cTodos los d\u00edas al despertar, lo primero que hago es revisar mi celular, esperando ver un mensaje o llamada perdida de @PeimbertArturo informando la captura del 5to agresor del #intentodefeminicidio del que fui v\u00edctima. #ElJuniorsiguelibre y el fiscal pule la impunidad en Oaxaca\u201d, poste\u00f3 la v\u00edctima el mi\u00e9rcoles 23 de junio.<\/p>\n\n\n\n<p>El mismo d\u00eda emiti\u00f3 dos mensajes m\u00e1s a trav\u00e9s de Twitter:<\/p>\n\n\n\n<p>\u201cAh y esto no te exime de lo corrupto que fuiste @RVasconcelosM no creas que repartiendo despensas puedes limpiar tu nombre. Eres y ser\u00e1s un corrupto y la historia te lo recordar\u00e1 siempre. #CarcelParaRub\u00e9nVasconcelos\u201d.<\/p>\n\n\n\n<p>\u201cTambi\u00e9n se me olvid\u00f3 felicitarte @PeimbertArturo espero q ya tomes con seriedad tus labores como Fiscal de Oaxaca porque eso de celebrar tu cumplea\u00f1os de jueves 17 a domingo 20 junio a tu edad ya no va. Ni nosotros los chavos nos damos el lujo pues buscamos justicia. #FiscalFif\u00ed\u201d.<\/p>\n\n\n\n<p>En los primeros minutos de este lunes 28 de junio, la Fiscal\u00eda General emiti\u00f3 la ficha de b\u00fasqueda para Juan Antonio Vera Hern\u00e1ndez, hijo de Juan Antonio V. C., ex diputado del PRI y empresario gasolinero, detenido ya, acusado de ser el autor intelectual del ataque con \u00e1cido en contra de Mar\u00eda Elena R\u00edos, el 9 de septiembre de 2019 en Huajuapan de Le\u00f3n.<\/p>\n\n\n\n<figure class=\"wp-block-embed-twitter wp-block-embed is-type-rich is-provider-twitter\"><div class=\"wp-block-embed__wrapper\">\n<div class=\"twitter-tweet\"><blockquote class=\"twitter-tweet\" data-lang=\"es\"><p lang=\"es\" dir=\"ltr\">La <a href=\"https:\/\/twitter.com\/FISCALIA_GobOax?ref_src=twsrc%5Etfw\">@FISCALIA_GobOax<\/a> gira la Ficha Roja de b\u00fasqueda y localizaci\u00f3n de JUAN ANTONIO VERA HERN\u00c1NDEZ, probable responsable del delito de tentativa de feminicidio. <a href=\"https:\/\/t.co\/MT3VRHE8D3\">pic.twitter.com\/MT3VRHE8D3<\/a><\/p>&mdash; Fiscal\u00eda General (@FISCALIA_GobOax) <a href=\"https:\/\/twitter.com\/FISCALIA_GobOax\/status\/1409372906287767557?ref_src=twsrc%5Etfw\">28 de junio de 2021<\/a><\/blockquote><\/div>\n<\/div><\/figure>\n\n\n\n<p>La b\u00fasqueda de Juan Antonio Vera Hern\u00e1ndez es por el delito de tentativa de feminicidio y la recompensa ser\u00e1 para quien o quienes proporcionen informaci\u00f3n veraz, \u00fatil y eficaz para su captura. El individuo naci\u00f3 el 11 de marzo de 1986 en Silacay\u00f3apam, regi\u00f3n Mixteca.<\/p>\n\n\n\n<p>La v\u00edspera de la emisi\u00f3n de la ficha, Mar\u00eda Elena R\u00edos Ortiz insisti\u00f3 en redes sociales:<\/p>\n\n\n\n<p>\u201cNo lo han detenido, #miagresorsiguelibre una orden de aprehensi\u00f3n que desde hace a\u00f1o y medio NADIE QUIERE EJECUTAR \u00bfpor qu\u00e9 @PeimbertArturo? Se\u00f1or presidente<\/p>\n\n\n\n<p>@lopezobrador_ &nbsp;&nbsp;en #Oaxaca NO se han limpiado las escaleras de arriba a abajo, YA NO tienen derecho a fallar\u201d.<\/p>\n\n\n\n<p>Tras el anuncio de la Fiscal\u00eda insisti\u00f3: \u201cNo m\u00e1s teatros ni simulaciones, #ElJuniorSigueLibre. Desde el 2019 se liber\u00f3 la orden de aprehensi\u00f3n, mismo a\u00f1o del intento de feminicidio del que fui v\u00edctima. \u00a1Las pruebas existen y son suficientes! #YaNoTienenDerechoAFallar<\/p>\n\n\n\n<p>@PeimbertArturo @GobOax @lopezobrador_\u201d. Por su caso, hay cuatro personas detenidas, aunque a\u00fan no se dicta sentencia.<\/p>\n\n\n\n<figure class=\"wp-block-embed-twitter wp-block-embed is-type-rich is-provider-twitter\"><div class=\"wp-block-embed__wrapper\">\n<div class=\"twitter-tweet\"><blockquote class=\"twitter-tweet\" data-lang=\"es\"><p lang=\"es\" dir=\"ltr\">No m\u00e1s teatros ni simulaciones, <a href=\"https:\/\/twitter.com\/hashtag\/ElJuniorSigueLibre?src=hash&amp;ref_src=twsrc%5Etfw\">#ElJuniorSigueLibre<\/a> Desde el 2019 se liber\u00f3 la orden de aprehensi\u00f3n, mismo a\u00f1o del intento de feminicidio del que fui v\u00edctima. \u00a1Las pruebas existen y son suficientes! <a href=\"https:\/\/twitter.com\/hashtag\/YaNoTienenDerechoAFallar?src=hash&amp;ref_src=twsrc%5Etfw\">#YaNoTienenDerechoAFallar<\/a> <a href=\"https:\/\/twitter.com\/PeimbertArturo?ref_src=twsrc%5Etfw\">@PeimbertArturo<\/a> <a href=\"https:\/\/twitter.com\/GobOax?ref_src=twsrc%5Etfw\">@GobOax<\/a> <a href=\"https:\/\/twitter.com\/lopezobrador_?ref_src=twsrc%5Etfw\">@lopezobrador_<\/a> <a href=\"https:\/\/t.co\/FDhDFD4GyY\">pic.twitter.com\/FDhDFD4GyY<\/a><\/p>&mdash; Elena R\u00edos \ud83c\udf38 (@_ElenaRios) <a href=\"https:\/\/twitter.com\/_ElenaRios\/status\/1409380565191516164?ref_src=twsrc%5Etfw\">28 de junio de 2021<\/a><\/blockquote><\/div>\n<\/div><\/figure>\n","protected":false},"excerpt":{"rendered":"<p>Ismael Garc\u00eda M.\/Zona Roja. Oaxaca de Ju\u00e1rez, Oax., 28 de junio de 2021.- Tras intensos&hellip;<\/p>\n","protected":false},"author":2,"featured_media":29075,"comment_status":"closed","ping_status":"open","sticky":false,"template":"","format":"standard","meta":{"_lmt_disableupdate":"","_lmt_disable":"","_jetpack_memberships_contains_paid_content":false,"footnotes":""},"categories":[109,47],"tags":[1124],"class_list":["post-29074","post","type-post","status-publish","format-standard","has-post-thumbnail","hentry","category-minuto-a-minuto","category-zona-gris","tag-maria-elena-rios-ortiz"],"jetpack_featured_media_url":"https:\/\/zonaroja.com.mx\/wp-content\/uploads\/2021\/06\/Maria-Elena-Rios-O.jpg","jetpack_sharing_enabled":true,"_links":{"self":[{"href":"https:\/\/zonaroja.com.mx\/index.php?rest_route=\/wp\/v2\/posts\/29074","targetHints":{"allow":["GET"]}}],"collection":[{"href":"https:\/\/zonaroja.com.mx\/index.php?rest_route=\/wp\/v2\/posts"}],"about":[{"href":"https:\/\/zonaroja.com.mx\/index.php?rest_route=\/wp\/v2\/types\/post"}],"author":[{"embeddable":true,"href":"https:\/\/zonaroja.com.mx\/index.php?rest_route=\/wp\/v2\/users\/2"}],"replies":[{"embeddable":true,"href":"https:\/\/zonaroja.com.mx\/index.php?rest_route=%2Fwp%2Fv2%2Fcomments&post=29074"}],"version-history":[{"count":1,"href":"https:\/\/zonaroja.com.mx\/index.php?rest_route=\/wp\/v2\/posts\/29074\/revisions"}],"predecessor-version":[{"id":29076,"href":"https:\/\/zonaroja.com.mx\/index.php?rest_route=\/wp\/v2\/posts\/29074\/revisions\/29076"}],"wp:featuredmedia":[{"embeddable":true,"href":"https:\/\/zonaroja.com.mx\/index.php?rest_route=\/wp\/v2\/media\/29075"}],"wp:attachment":[{"href":"https:\/\/zonaroja.com.mx\/index.php?rest_route=%2Fwp%2Fv2%2Fmedia&parent=29074"}],"wp:term":[{"taxonomy":"category","embeddable":true,"href":"https:\/\/zonaroja.com.mx\/index.php?rest_route=%2Fwp%2Fv2%2Fcategories&post=29074"},{"taxonomy":"post_tag","embeddable":true,"href":"https:\/\/zonaroja.com.mx\/index.php?rest_route=%2Fwp%2Fv2%2Ftags&post=29074"}],"curies":[{"name":"wp","href":"https:\/\/api.w.org\/{rel}","templated":true}]}}