{"id":29078,"date":"2021-06-28T08:28:07","date_gmt":"2021-06-28T13:28:07","guid":{"rendered":"http:\/\/www.zonaroja.com.mx\/?p=29078"},"modified":"2021-06-28T08:28:09","modified_gmt":"2021-06-28T13:28:09","slug":"opinion-impunidad-del-frente-popular-14-de-junio-bajo-manto-oficial","status":"publish","type":"post","link":"https:\/\/zonaroja.com.mx\/?p=29078","title":{"rendered":"Opini\u00f3n. Impunidad del Frente Popular \u201c14 de Junio\u201d, bajo manto oficial"},"content":{"rendered":"\n<p>Ismael Garc\u00eda M.\/Zona Roja.<\/p>\n\n\n\n<p>Oaxaca de Ju\u00e1rez, Oax., 28 de junio de 2021.- \u00bfLa detenci\u00f3n de Enrique Francisco, hijo de Francisco Mart\u00ednez S\u00e1nchez, acabar\u00e1 con esa nefasta y violenta organizaci\u00f3n? Lo dudamos, pues han gozado de protecci\u00f3n oficial.<\/p>\n\n\n\n<p>En los inicios, \u201cDon Panchito\u201d tuvo el tino de aglutinar a los mototaxistas en el momento m\u00e1s oportuno, pol\u00edticamente, al igual que lo hizo en su tiempo Juan Luis Mart\u00ednez, con el entonces Confederaci\u00f3n Nacional de la Productividad (CNP), cuyo emporio deriv\u00f3 en tragedia familiar.<\/p>\n\n\n\n<p>Don Francisco Mart\u00ednez S\u00e1nchez, a quien tambi\u00e9n conocen como \u201cPancho Mugres\u201d, tuvo adem\u00e1s el acierto de vender su \u201cproyecto\u201d al PRI-gobierno, al que sirvi\u00f3 hasta la saciedad, y el que lo ha protegido tambi\u00e9n hasta la saciedad, as\u00ed cometan homicidios.<\/p>\n\n\n\n<p>Ese cobijo le habr\u00eda permitido a \u00e9l y a sus hijos crecer de manera exponencial, al grado de ser uno de los principales invasores de terrenos, e incluso beneficiario de un fraccionamiento, en Santa Cruz Xoxocotl\u00e1n. Adem\u00e1s, probables protectores de narcomenudistas que operan mediante mototaxis y grupo de choque al servicio de quien los contrate.<\/p>\n\n\n\n<p>Despu\u00e9s de los hechos del 2006, \u201cDon Panchito\u201d cre\u00f3 su Frente Popular \u201c14 de Junio\u201d, arropado por las organizaciones sociales de \u201cizquierda\u201d, lo cual le permiti\u00f3 ir construyendo un imperio, que inici\u00f3 con la invasi\u00f3n de las riberas del r\u00edo \u201cAtoyac\u201d, a la altura de la colonia Reforma Agraria, Xoxocotl\u00e1n.<\/p>\n\n\n\n<p>Gabino Cu\u00e9 recompens\u00f3 sus servicios y a cambio de dejar ese sitio federal, les construy\u00f3 un fraccionamiento, tambi\u00e9n en Xoxocotl\u00e1n, con todos los servicios.<\/p>\n\n\n\n<p>Pero eso no bast\u00f3; la ambici\u00f3n de los Mart\u00ednez creci\u00f3 y comenzaron a invadir m\u00e1s propiedades, ahora una del gobierno estatal en la parte alta de la agencia Vicente Guerrero, otro centro de operaciones de narcomenudistas.<\/p>\n\n\n\n<p>\u201cDon Panchito\u201d vendi\u00f3 los votos de la \u201c14 de Junio\u201d al PRI en la campa\u00f1a de Alejandro Murat Hinojosa, a trav\u00e9s de Jos\u00e9 Manuel Vera Salinas, quien se ha jactado de controlar \u2013-y utilizar&#8211; a las organizaciones de transportistas en el actual sexenio, pasando por encima de las funciones de la Secretar\u00eda de Movilidad y de la Secretar\u00eda General de Gobierno y de la Fiscal\u00eda General&#8230;<\/p>\n\n\n\n<p>(Por cierto, siguen bajo control las agrupaciones de transportistas y logr\u00f3 desaparecer a la mayor\u00eda de ellas para conformar una sola, CATEM; con Guadalupe D\u00edaz Pantoja tuvo problemas inicialmente y \u00e9sta la acus\u00f3 hasta de ser el l\u00edder del crimen organizado en la entidad; al final limaron asperezas).<\/p>\n\n\n\n<p>CON RECOMPENSA<\/p>\n\n\n\n<p>Engallado, el Frente Popular impuso el terror en todo Xoxocotl\u00e1n y pr\u00e1cticamente se volvieron intocables con sus mototaxis. Larga es la lista de delitos en que se han visto involucrados y basta una revisi\u00f3n o un intento de justicia, para que de inmediato accionen con sus grupos violentos.<\/p>\n\n\n\n<p>Con esa impunidad y protecci\u00f3n oficial invadieron varias hect\u00e1reas de lo que fue un campo de tiro de la Polic\u00eda Estatal, en la parte alta de la agencia Vicente Guerrero, y vend\u00edan los lotes de 15 a 20 mil pesos.<\/p>\n\n\n\n<p>Un ret\u00e9n -\u2013que en su tiempo lo corrobor\u00f3 este reportero\u2014imped\u00eda el paso a cualquier persona a esa escarpada zona, que adem\u00e1s era refugio de delincuentes. Nadie pod\u00eda entrar si no era con el aval del hijo de \u201cDon Panchito\u201d, que ten\u00eda su casa en esa zona, con camioneta y guaruras incluidos.<\/p>\n\n\n\n<p>El acab\u00f3se fue el 3 de julio de 2017, en que pobladores de la agencia, hastiados de la creciente ola delictiva y de extorsi\u00f3n de la \u201c14 de Junio\u201d, se armaron de valor y quemaron al menos un centenar de viviendas en dicha zona, hechos violentos que dejaron tambi\u00e9n como saldo una persona fallecida.<\/p>\n\n\n\n<p>Tras ello, la Fiscal\u00eda General del Estado, ya a cargo de Rub\u00e9n Vasconcelos M\u00e9ndez, emiti\u00f3 una orden de b\u00fasqueda para Francisco Mart\u00ednez S\u00e1nchez y Javier Mart\u00ednez, con una recompensa de un mill\u00f3n de pesos.<\/p>\n\n\n\n<p>El 25 de julio prendieron fuego a la vivienda de Javier Ram\u00edrez, tras haber huido \u00e9ste.<\/p>\n\n\n\n<p>En tanto, los damnificados de la zona se instalaron en \u201cplant\u00f3n\u201d en z\u00f3calo y recibieron la comprensi\u00f3n y el respaldo del entonces defensor de Derechos Humanos, Arturo Peimbert.<\/p>\n\n\n\n<p>\u201cAhora exigimos que no exista impunidad y que las investigaciones se agilicen y hacemos votos para que la paz vuelva a esos ciudadanos\u201d, expres\u00f3 en ese entonces el ahora fiscal.<\/p>\n\n\n\n<p>No fue sino hasta el 14 de noviembre 2017 en que fue capturado Javier y a\u00fan permanece en reclusi\u00f3n, pero sin sentencia, acusado de varios delitos, entre ellos homicidio. En tanto que \u201cDon Panchito\u201d sigue libre y todos saben d\u00f3nde vive.<\/p>\n\n\n\n<p>CRECIENTE INVASI\u00d3N<\/p>\n\n\n\n<p>A la par de su creciente ola delictiva e impunidad y ahora con la complacencia del edil morenista Oswaldo Garc\u00eda Jarqu\u00edn, militantes del Frente Popular comenzaron a apoderarse de espacios en el Centro Hist\u00f3rico, principalmente de la acera poniente de la calle Flores Mag\u00f3n.<\/p>\n\n\n\n<p>Le comienzan a dar vuelta a la calle de Las Casas y a Trujano; ya tienen en su poder parte de las avenidas Hidalgo e Independencia. Se extienden paulatinamente, sin intervenci\u00f3n de ninguna autoridad, en Plaza Oaxaca y el exterior de la tienda Sams Club, donde cobran cuotas de hasta mil pesos semanales y son los \u00fanicos autorizados para permitir la instalaci\u00f3n de puestos.<\/p>\n\n\n\n<p>A mediados de septiembre del a\u00f1o pasado y con el apoyo de la Confederaci\u00f3n Libertad, que dirige Guadalupe D\u00edaz Pantoja, iniciaron una jornada de \u201clucha\u201d para exigir la liberaci\u00f3n de Javier Mart\u00ednez y que se deje de \u201cperseguir pol\u00edticamente\u201d a \u201cDon Panchito\u201d.<\/p>\n\n\n\n<p>Pero s\u00f3lo fue el pretexto para intensificar su invasi\u00f3n de puestos ambulantes, en el z\u00f3calo y la Alameda de Le\u00f3n, que fueron retirados un mes despu\u00e9s.<\/p>\n\n\n\n<p>De nuevo en marzo de este a\u00f1o se colocaron con las mismas estructuras y ahora con juegos mec\u00e1nicos; de nuevo fueron retirados, sin violencia.<\/p>\n\n\n\n<p>Pero el ayuntamiento se cans\u00f3 o ya no quiere mover un dedo contra los ambulantes y hoy d\u00eda, contin\u00faan los puestos, principalmente en el z\u00f3calo, y cada hora que pasa, crecen en el Centro Hist\u00f3rico, sin ning\u00fan poder humano que los pare.<\/p>\n\n\n\n<p>IMPUNIDAD PROHIJADA<\/p>\n\n\n\n<p>El pasado 29 de abril, el reportero Tom\u00e1s Mart\u00ednez, del diario \u201cNoticias\u201d y de lo que ahora es Heraldo Radio, fue agredido en la calle Fresnos de la colonia Reforma Agraria, Xoxocotl\u00e1n, por mototaxistas plenamente identificados como parte del Frente Popular, cuando cubr\u00eda un percance.<\/p>\n\n\n\n<p>Todo el gremio period\u00edstico se solidariz\u00f3 con el colega, que interpuso su denuncia; tras ello, uno de los probables implicados fue aprehendido por la Fiscal\u00eda General del Estado, Antonio Francisco Castro Mu\u00f1oz, \u201cEl Bocho\u201d o \u201cEl Gordo\u201d.<\/p>\n\n\n\n<p>Pero de nuevo la impunidad: bloqueo a la sede del diario \u201cNoticias\u201d, cuyo medroso due\u00f1o, el diputado local por Morena, Ericel G\u00f3mez, opt\u00f3 por ceder a las presiones de la \u201c14 de Junio\u201d, seg\u00fan confiaron fuentes del Ministerio P\u00fablico a este reportero.<\/p>\n\n\n\n<p>Por segundo d\u00eda cerraron la calle Libres de la capital, donde se encuentra el referido peri\u00f3dico. Entonces, a petici\u00f3n del legislador y en contubernio con el Tribunal Superior de Justicia y la Fiscal\u00eda General, obligaron a la v\u00edctima &#8211;que ha guardado silencio\u2014a retirar la demanda y a no recibir ninguna indemnizaci\u00f3n. As\u00ed la justicia.<\/p>\n\n\n\n<p>Mientras tanto el poder\u00edo del Frente crec\u00eda y crece; ya se adue\u00f1aron de \u00e1reas aleda\u00f1as del parque del Amor y en 2019 se comenzaron a apoderar de varias \u00e1reas de las riberas del \u201cAtoyac\u201d, junto con otras organizaciones de transportistas.<\/p>\n\n\n\n<p>Y este a\u00f1o se apropiaron del \u201cplay\u00f3n\u201d de las riberas del r\u00edo \u201cAtoyac\u201d, mejor dicho de una parte de la antigua f\u00e1brica de triplay, donde tiene malandros que vigilan los accesos, con armas y bazucas hechizas, adem\u00e1s de cobrar cuotas a los comerciantes; nadie les hace nada.<\/p>\n\n\n\n<p>El pasado s\u00e1bado 26 de junio por la noche, fueron aprehendidas tres personas, entre ellos Enrique Francisco y su pareja Itandehui, adem\u00e1s de un supuesto sicario. Esa misma noche el Frente Popular inici\u00f3 bloqueos en la zona del parque del Amor y lo hicieron al d\u00eda siguiente frente a la Fiscal\u00eda General de la Rep\u00fablica.<\/p>\n\n\n\n<p>La pregunta es: \u00bfsaldr\u00e1n libres por presiones los reci\u00e9n detenidos? \u00bfInterceder\u00e1 Jos\u00e9 Manuel Vera Salinas de nuevo por ellos? \u00bfLos cobijar\u00e1n a cambio de votos para la elecci\u00f3n de pr\u00f3ximo gobernador de Oaxaca?<\/p>\n","protected":false},"excerpt":{"rendered":"<p>Ismael Garc\u00eda M.\/Zona Roja. Oaxaca de Ju\u00e1rez, Oax., 28 de junio de 2021.- \u00bfLa detenci\u00f3n&hellip;<\/p>\n","protected":false},"author":2,"featured_media":7610,"comment_status":"closed","ping_status":"open","sticky":false,"template":"","format":"standard","meta":{"_lmt_disableupdate":"","_lmt_disable":"","_jetpack_memberships_contains_paid_content":false,"footnotes":""},"categories":[456,109,48],"tags":[1353],"class_list":["post-29078","post","type-post","status-publish","format-standard","has-post-thumbnail","hentry","category-columna","category-minuto-a-minuto","category-zona-critica","tag-opinion-zona-critica"],"jetpack_featured_media_url":"https:\/\/zonaroja.com.mx\/wp-content\/uploads\/2020\/01\/Opini\u00f3n-Zona-Cr\u00edtica.jpg","jetpack_sharing_enabled":true,"_links":{"self":[{"href":"https:\/\/zonaroja.com.mx\/index.php?rest_route=\/wp\/v2\/posts\/29078","targetHints":{"allow":["GET"]}}],"collection":[{"href":"https:\/\/zonaroja.com.mx\/index.php?rest_route=\/wp\/v2\/posts"}],"about":[{"href":"https:\/\/zonaroja.com.mx\/index.php?rest_route=\/wp\/v2\/types\/post"}],"author":[{"embeddable":true,"href":"https:\/\/zonaroja.com.mx\/index.php?rest_route=\/wp\/v2\/users\/2"}],"replies":[{"embeddable":true,"href":"https:\/\/zonaroja.com.mx\/index.php?rest_route=%2Fwp%2Fv2%2Fcomments&post=29078"}],"version-history":[{"count":1,"href":"https:\/\/zonaroja.com.mx\/index.php?rest_route=\/wp\/v2\/posts\/29078\/revisions"}],"predecessor-version":[{"id":29079,"href":"https:\/\/zonaroja.com.mx\/index.php?rest_route=\/wp\/v2\/posts\/29078\/revisions\/29079"}],"wp:featuredmedia":[{"embeddable":true,"href":"https:\/\/zonaroja.com.mx\/index.php?rest_route=\/wp\/v2\/media\/7610"}],"wp:attachment":[{"href":"https:\/\/zonaroja.com.mx\/index.php?rest_route=%2Fwp%2Fv2%2Fmedia&parent=29078"}],"wp:term":[{"taxonomy":"category","embeddable":true,"href":"https:\/\/zonaroja.com.mx\/index.php?rest_route=%2Fwp%2Fv2%2Fcategories&post=29078"},{"taxonomy":"post_tag","embeddable":true,"href":"https:\/\/zonaroja.com.mx\/index.php?rest_route=%2Fwp%2Fv2%2Ftags&post=29078"}],"curies":[{"name":"wp","href":"https:\/\/api.w.org\/{rel}","templated":true}]}}