{"id":29080,"date":"2021-06-28T09:20:42","date_gmt":"2021-06-28T14:20:42","guid":{"rendered":"http:\/\/www.zonaroja.com.mx\/?p=29080"},"modified":"2021-06-28T09:20:44","modified_gmt":"2021-06-28T14:20:44","slug":"promueve-legislador-juicio-a-ex-presidentes-de-mexico-en-valles-centrales","status":"publish","type":"post","link":"https:\/\/zonaroja.com.mx\/?p=29080","title":{"rendered":"Promueve legislador juicio a ex presidentes de M\u00e9xico en Valles Centrales"},"content":{"rendered":"\n<p>Redacci\u00f3n\/Zona Roja.<\/p>\n\n\n\n<p>Oaxaca de Ju\u00e1rez, Oax. 28 de junio de 2021.- El legislador Horacio Sosa Villavicencio pidi\u00f3 a las y los habitantes de los municipios y comunidades que integran el Distrito 16 con cabecera en Zimatl\u00e1n de \u00c1lvarez, participar y ser promotores de la consulta ciudadana, para enjuiciar a los ex presidentes de M\u00e9xico, que se realizar\u00e1 el pr\u00f3ximo 1 de agosto en todo el pa\u00eds.<\/p>\n\n\n\n<p>Lo anterior durante la primera reuni\u00f3n informativa realizada el pasado domingo, en Ocotl\u00e1n de Morelos, durante la cual explic\u00f3 que, la consulta se da en respuesta a la exigencia del pueblo, que pide castigar a quienes pisotearon la dignidad del pa\u00eds.<\/p>\n\n\n\n<p>El diputado por Morena indic\u00f3 que es necesario proceder contra los expresidentes desde Carlos Salinas de Gortari hasta Enrique Pe\u00f1a Nieto, ex secretarios, funcionarios p\u00fablicos y hasta diputados de sus partidos, que tanto da\u00f1o le hicieron al pueblo de M\u00e9xico, con la promesa de un cambio y que traicionaron la democracia.<\/p>\n\n\n\n<p>Llam\u00f3 a ciudadan\u00eda a apoyar esta consulta, para que llegue a todos los rincones del pa\u00eds, a hacer patria, porque \u2013dijo- es momento de defender al pueblo y castigar a quienes saquearon a M\u00e9xico, esclarecer las decisiones pol\u00edticas que se tomaron durante sus periodos de gobierno y garantizar su derecho a la justicia de las posibles v\u00edctimas.<\/p>\n\n\n\n<p>\u201cNo debemos olvidar a aquellos que se robaron los bienes del pueblo, que se olvidaron de su responsabilidad, estafando al pueblo y cometieron actos de corrupci\u00f3n y estafa, aquellos que hicieron durante su mandato una guerra injustificada\u201d, a\u00f1adi\u00f3.<\/p>\n\n\n\n<p>Reconoci\u00f3 que llevar a cabo la consulta popular, para enjuiciar a los expresidentes, no ser\u00e1 f\u00e1cil, porque agreg\u00f3, el Instituto Nacional Electoral (INE) pareciera que se ha aliado con los pol\u00edticos corruptos.<\/p>\n\n\n\n<p>\u201cDebemos apoyar est\u00e1 consulta, que est\u00e1 consulta llegue a todos los rincones de Oaxaca y del pa\u00eds, hagamos una movilizaci\u00f3n hist\u00f3rica, para enjuiciar a los expresidentes \u201cexpres\u00f3.<\/p>\n\n\n\n<p>En su participaci\u00f3n, Elisabeth Reyes Nolasco, pidi\u00f3 a las y los participantes de la reuni\u00f3n convertirse en promotores del juicio a ex presidentes, a movilizarse para que todos los habitantes de las comunidades de Oaxaca participen, y se logren los m\u00e1s de 37 millones de votos que se requieren, para lograr castigar a los corruptos, que le fallaron al pueblo de M\u00e9xico.<\/p>\n\n\n\n<p>\u201cHoy los ex presidentes acuden a los medios de comunicaci\u00f3n, y nos dicen que es una locura, que no se hable del pasado, pero hoy, las y los mexicanos estamos pagando las consecuencias, nos dejaron m\u00e1s pobreza e inseguridad, deben ser llamados a cuentas y ser castigados, para as\u00ed terminar con la tentaci\u00f3n que tienen de regresar al poder a seguir robando\u201d finaliz\u00f3.<\/p>\n\n\n\n<p>En la reuni\u00f3n encabezada por Horacio Sosa Villavicencio, se cont\u00f3 con habitantes de los municipios de: San Felipe Ap\u00f3stol, San Juan Chilateca, Texas de Morelos, Asunci\u00f3n Ocotl\u00e1n, San Jacinto Chilateca, Santa Gertrudis, Asunci\u00f3n Ocotl\u00e1n, Santo Tom\u00e1s Jalieza, San Antonino Castillo Velasco, mismos que manifestaron su respaldo para llevar a cabo la consulta popular el pr\u00f3ximo primero de agosto del presente a\u00f1o.<\/p>\n\n\n\n<p>La consulta popular tendr\u00e1 lugar el 1 de agosto pr\u00f3ximo, en donde se espera la participaci\u00f3n efectiva del pueblo mexicano.<\/p>\n","protected":false},"excerpt":{"rendered":"<p>Redacci\u00f3n\/Zona Roja. Oaxaca de Ju\u00e1rez, Oax. 28 de junio de 2021.- El legislador Horacio Sosa&hellip;<\/p>\n","protected":false},"author":2,"featured_media":29081,"comment_status":"closed","ping_status":"open","sticky":false,"template":"","format":"standard","meta":{"_lmt_disableupdate":"","_lmt_disable":"","_jetpack_memberships_contains_paid_content":false,"footnotes":""},"categories":[109,46],"tags":[444],"class_list":["post-29080","post","type-post","status-publish","format-standard","has-post-thumbnail","hentry","category-minuto-a-minuto","category-zona-blanca","tag-horacio-sosa-villavicencio"],"jetpack_featured_media_url":"https:\/\/zonaroja.com.mx\/wp-content\/uploads\/2021\/06\/Horacio-Sosa-juicio-ex.jpg","jetpack_sharing_enabled":true,"_links":{"self":[{"href":"https:\/\/zonaroja.com.mx\/index.php?rest_route=\/wp\/v2\/posts\/29080","targetHints":{"allow":["GET"]}}],"collection":[{"href":"https:\/\/zonaroja.com.mx\/index.php?rest_route=\/wp\/v2\/posts"}],"about":[{"href":"https:\/\/zonaroja.com.mx\/index.php?rest_route=\/wp\/v2\/types\/post"}],"author":[{"embeddable":true,"href":"https:\/\/zonaroja.com.mx\/index.php?rest_route=\/wp\/v2\/users\/2"}],"replies":[{"embeddable":true,"href":"https:\/\/zonaroja.com.mx\/index.php?rest_route=%2Fwp%2Fv2%2Fcomments&post=29080"}],"version-history":[{"count":1,"href":"https:\/\/zonaroja.com.mx\/index.php?rest_route=\/wp\/v2\/posts\/29080\/revisions"}],"predecessor-version":[{"id":29082,"href":"https:\/\/zonaroja.com.mx\/index.php?rest_route=\/wp\/v2\/posts\/29080\/revisions\/29082"}],"wp:featuredmedia":[{"embeddable":true,"href":"https:\/\/zonaroja.com.mx\/index.php?rest_route=\/wp\/v2\/media\/29081"}],"wp:attachment":[{"href":"https:\/\/zonaroja.com.mx\/index.php?rest_route=%2Fwp%2Fv2%2Fmedia&parent=29080"}],"wp:term":[{"taxonomy":"category","embeddable":true,"href":"https:\/\/zonaroja.com.mx\/index.php?rest_route=%2Fwp%2Fv2%2Fcategories&post=29080"},{"taxonomy":"post_tag","embeddable":true,"href":"https:\/\/zonaroja.com.mx\/index.php?rest_route=%2Fwp%2Fv2%2Ftags&post=29080"}],"curies":[{"name":"wp","href":"https:\/\/api.w.org\/{rel}","templated":true}]}}