{"id":29083,"date":"2021-06-28T12:47:17","date_gmt":"2021-06-28T17:47:17","guid":{"rendered":"https:\/\/www.zonaroja.com.mx\/?p=29083"},"modified":"2021-06-28T12:52:27","modified_gmt":"2021-06-28T17:52:27","slug":"asesinan-en-oaxaca-a-docentes-hombre-y-mujer-integrantes-del-mult","status":"publish","type":"post","link":"https:\/\/zonaroja.com.mx\/?p=29083","title":{"rendered":"Asesinan en Oaxaca a docentes, hombre y mujer,  integrantes del MULT"},"content":{"rendered":"\n<p class=\"MsoNormal\">Evlin Arag\u00f3n\/Zona Roja.&nbsp;<\/p>\n\n\n\n<p class=\"MsoNormal\">Oaxaca de Ju\u00e1rez, Oax., 28 de junio de 2021.- Dos profesores afiliados a la Secci\u00f3n 22 del Sindicato Nacional de Trabajadores de la Educaci\u00f3n (SNTE) y militantes del Movimiento de Unificaci\u00f3n y Lucha Triqui (MULT), fueron asesinados este  lunes por la ma\u00f1ana. <\/p>\n\n\n\n<p class=\"MsoNormal\">As\u00ed lo dio a conocer la dirigencia del MULT, quien refiri\u00f3 a trav\u00e9s de sus redes sociales la muerte violenta de Oliverio Mart\u00ednez Merino y su esposa Flor de Jes\u00fas Hern\u00e1ndez.&nbsp;&nbsp;<\/p>\n\n\n\n<p class=\"MsoNormal\">\u201cNos amanecimos con otra mala noticia, hoy a las 06:30 am asesinaron a los compa\u00f1eros profesores Oliverio y a su esposa Flor\u201d, public\u00f3 la organizaci\u00f3n.<\/p>\n\n\n\n<p class=\"MsoNormal\">De acuerdo con los reportes, los hechos se registraron la ma\u00f1ana de&nbsp;este lunes&nbsp;en la localidad de La Lagunilla, del municipio Estancia del Rosario, mientras la pareja de docentes viajaba a bordo en una camioneta Pick Up color verde, doble cabina.&nbsp;&nbsp;<\/p>\n\n\n\n<p class=\"MsoNormal\">En este sentido, la dirigencia del MULT pidi\u00f3 una investigaci\u00f3n exhaustiva de los hechos y la participaci\u00f3n de la Fiscal\u00eda General de la Rep\u00fablica a fin de evitar el encubrimiento de los criminales, como se ha denunciado en otras ocasiones.&nbsp;&nbsp;<\/p>\n\n\n\n<p class=\"MsoNormal\">Por lo anterior demand\u00f3 a las autoridades de los gobiernos estatal y federal el esclarecimiento del crimen, ello sin encubrir a los probables responsables.&nbsp;<\/p>\n\n\n\n<p class=\"MsoNormal\">\u201cExigimos en\u00e9rgicamente el esclarecimiento de artero crimen de nuestros compa\u00f1eros ca\u00eddos de la misma manera exigimos al gobierno estatal y federal act\u00faen de manera inmediata y que no encubra a los criminales y solicitamos a la fiscal\u00eda de la Rep\u00fablica que atraigan los caso para que agilice la investigaci\u00f3n\u201d, public\u00f3&nbsp;el MULT en su p\u00e1gina de Facebook.&nbsp;&nbsp;<\/p>\n\n\n\n<p class=\"MsoNormal\">Finalmente exigi\u00f3 castigo contra los autores materiales e intelectuales de sus compa\u00f1eros, que se unen a la larga lista de activistas.&nbsp;&nbsp;<\/p>\n\n\n\n<p class=\"MsoNormal\">Apenas la ma\u00f1ana del mi\u00e9rcoles 23 de junio fue asesinado con arma de fuego un habitante de El Ratrojo Copala, en pleno centro de Santiago Juxtlahuaca, que, de acuerdo con los medios de informaci\u00f3n locales, militaba en el MULT.&nbsp;<\/p>\n\n\n\n<p class=\"MsoNormal\">Mientras que, en diciembre de 2020 fue abatido a balazos Justo Santos Quiroz, de 27 a\u00f1os de edad, originario de San Miguel Copala, ello mientras camina por las calles del municipio de Putla Villa de Guerrero.&nbsp;<\/p>\n\n\n\n<p class=\"MsoNormal\">Un mes antes fue ultimado&nbsp;Maurilio Hern\u00e1ndez Mart\u00ednez e hirieron a otra persona, hechos acontecidos a una cuadra de las instalaciones de la Fiscal\u00eda, la secretar\u00eda de Seguridad P\u00fablica y de la Guardia Nacional de Putla Villa de Guerrero.&nbsp;<\/p>\n\n\n\n<p class=\"xmsonormal\">De acuerdo con el recuento hemerogr\u00e1fico,en abril Esteban Mart\u00ednez P\u00e9rez quien era presidente del sitio de taxis \u201cGenaro V\u00e1squez\u201c en Putla Villa de Guerrero, y Paulo Guzm\u00e1n Solano quien era campesino en esa misma localidad, fueron asesinados en un ataque armado que se registr\u00f3 en los l\u00edmites de Putla y el municipio de Constancia del Rosario.&nbsp;<\/p>\n\n\n\n<p class=\"xmsonormal\">  <\/p>\n","protected":false},"excerpt":{"rendered":"<p>Evlin Arag\u00f3n\/Zona Roja.&nbsp; Oaxaca de Ju\u00e1rez, Oax., 28 de junio de 2021.- Dos profesores afiliados&hellip;<\/p>\n","protected":false},"author":2,"featured_media":2973,"comment_status":"closed","ping_status":"open","sticky":false,"template":"","format":"standard","meta":{"_lmt_disableupdate":"","_lmt_disable":"","_jetpack_memberships_contains_paid_content":false,"footnotes":""},"categories":[109,51],"tags":[],"class_list":["post-29083","post","type-post","status-publish","format-standard","has-post-thumbnail","hentry","category-minuto-a-minuto","category-zona-roja"],"jetpack_featured_media_url":"https:\/\/zonaroja.com.mx\/wp-content\/uploads\/2019\/08\/MULT1.jpg","jetpack_sharing_enabled":true,"_links":{"self":[{"href":"https:\/\/zonaroja.com.mx\/index.php?rest_route=\/wp\/v2\/posts\/29083","targetHints":{"allow":["GET"]}}],"collection":[{"href":"https:\/\/zonaroja.com.mx\/index.php?rest_route=\/wp\/v2\/posts"}],"about":[{"href":"https:\/\/zonaroja.com.mx\/index.php?rest_route=\/wp\/v2\/types\/post"}],"author":[{"embeddable":true,"href":"https:\/\/zonaroja.com.mx\/index.php?rest_route=\/wp\/v2\/users\/2"}],"replies":[{"embeddable":true,"href":"https:\/\/zonaroja.com.mx\/index.php?rest_route=%2Fwp%2Fv2%2Fcomments&post=29083"}],"version-history":[{"count":1,"href":"https:\/\/zonaroja.com.mx\/index.php?rest_route=\/wp\/v2\/posts\/29083\/revisions"}],"predecessor-version":[{"id":29084,"href":"https:\/\/zonaroja.com.mx\/index.php?rest_route=\/wp\/v2\/posts\/29083\/revisions\/29084"}],"wp:featuredmedia":[{"embeddable":true,"href":"https:\/\/zonaroja.com.mx\/index.php?rest_route=\/wp\/v2\/media\/2973"}],"wp:attachment":[{"href":"https:\/\/zonaroja.com.mx\/index.php?rest_route=%2Fwp%2Fv2%2Fmedia&parent=29083"}],"wp:term":[{"taxonomy":"category","embeddable":true,"href":"https:\/\/zonaroja.com.mx\/index.php?rest_route=%2Fwp%2Fv2%2Fcategories&post=29083"},{"taxonomy":"post_tag","embeddable":true,"href":"https:\/\/zonaroja.com.mx\/index.php?rest_route=%2Fwp%2Fv2%2Ftags&post=29083"}],"curies":[{"name":"wp","href":"https:\/\/api.w.org\/{rel}","templated":true}]}}