{"id":29086,"date":"2021-06-28T14:06:40","date_gmt":"2021-06-28T19:06:40","guid":{"rendered":"https:\/\/www.zonaroja.com.mx\/?p=29086"},"modified":"2021-06-28T14:10:38","modified_gmt":"2021-06-28T19:10:38","slug":"paran-sindicalizados-de-la-capital-calles-y-mercados-se-llenan-de-basura","status":"publish","type":"post","link":"https:\/\/zonaroja.com.mx\/?p=29086","title":{"rendered":"Paran sindicalizados de la capital; calles y mercados se llenan de basura"},"content":{"rendered":"\n<p class=\"MsoNormal\">Evlin Arag\u00f3n\/Zona Roja.&nbsp;<\/p>\n\n\n\n<p class=\"MsoNormal\">Oaxaca de Ju\u00e1rez, Oax., 28 de junio de 2021.-&nbsp;Las calles y mercados de la ciudad capital se llenan con montones de basura,&nbsp;este lunes, luego del paro de labores que lleva a cabo el Sindicato de Trabajadores \u201c3 de marzo\u201d, encargado del servicio de limpia en el municipio de Oaxaca de Ju\u00e1rez.&nbsp;<\/p>\n\n\n\n<p class=\"MsoNormal\">Lo anterior debido a la falta de atenci\u00f3n e incumplimiento de acuerdo del edil, Oswaldo Garc\u00eda Jarqu\u00edn, quien previo a las elecciones y al no ser favorecido con la candidatura, nuevamente, desapareci\u00f3 de los reflectores, dejando a la ciudad con enormes problemas de inseguridad, viales y de car\u00e1cter social.  <\/p>\n\n\n\n<p class=\"MsoNormal\">El paro de labores ha ocasionado el acumulamiento de desechos en la Central de Abasto, a la altura de la rampa, as\u00ed como en la zona cercana a la venta de alimentos lo cual se convierte en un foco de infecci\u00f3n para quienes ah\u00ed laboran y asisten a realizar sus compras diarias.&nbsp;<\/p>\n\n\n\n<p class=\"MsoNormal\">\u201cNecesitamos cubrebocas, sanitizante, jab\u00f3n en polvo y gel antibacterial. Solicitamos herramienta de buena calidad\u201d, refieren en las cartulinas instaladas en diferentes puntos del contenedor de la Central de Abasto.&nbsp;&nbsp;<\/p>\n\n\n\n<p class=\"MsoNormal\">Justo a inicios de la administraci\u00f3n actual, barrenderos y dem\u00e1s personas sindicalizado, iniciaron un paro de labores en demanda de la reparaci\u00f3n y mantenimiento de los 70 camiones recolectores y dotaci\u00f3n de insumos para realizar su labor.&nbsp;<\/p>\n\n\n\n<p class=\"MsoNormal\">Escoba, tambos, uniformes, entre otros materiales, formaban parte de sus demandas, las cuales fueron atendidas parcialmente por las autoridades municipales, a fin de concluir con el paro de labores.&nbsp;&nbsp;<\/p>\n\n\n\n<p class=\"MsoNormal\">Cabe se\u00f1alar que, en la capital oaxaque\u00f1a, son alrededor de 900 barrenderos encargados de la recolecci\u00f3n de m\u00e1s de 400 toneladas de desechos que genera la ciudad, quienes&nbsp;este lunes hicieron evidente su inconformidad ante la falta de material e insumos para llevar a cabo su labor.&nbsp;<\/p>\n\n\n\n<p class=\"MsoNormal\">PARO EN UABJO<\/p>\n\n\n\n<p class=\"MsoNormal\">La movilizaci\u00f3n municipal no fue la \u00fanica en la capital, toda vez que, desde temprana hora, integrantes del Sindicato de Trabajadores y Acad\u00e9micos de la Universidad de Oaxaca (STAUO) y del Sindicato Universitario&nbsp;de Acad\u00e9micos (SUA), \u201ctomaron\u201d las instalaciones de Ciudad Universitaria, para exigir la salida del rector Eduardo Bautista Mart\u00ednez.&nbsp;<\/p>\n\n\n\n<p class=\"MsoNormal\">Por su parte, la autoridad universitaria exhort\u00f3 a las representaciones sindicales del STAUO y el SUA, a anteponer la estabilidad institucional y el inter\u00e9s de la comunidad estudiantil, por encima de cuestiones pol\u00edticas y econ\u00f3micas de car\u00e1cter personal.  <\/p>\n","protected":false},"excerpt":{"rendered":"<p>Evlin Arag\u00f3n\/Zona Roja.&nbsp; Oaxaca de Ju\u00e1rez, Oax., 28 de junio de 2021.-&nbsp;Las calles y mercados&hellip;<\/p>\n","protected":false},"author":2,"featured_media":29085,"comment_status":"closed","ping_status":"open","sticky":false,"template":"","format":"standard","meta":{"_lmt_disableupdate":"","_lmt_disable":"","_jetpack_memberships_contains_paid_content":false,"footnotes":""},"categories":[109,47],"tags":[],"class_list":["post-29086","post","type-post","status-publish","format-standard","has-post-thumbnail","hentry","category-minuto-a-minuto","category-zona-gris"],"jetpack_featured_media_url":"https:\/\/zonaroja.com.mx\/wp-content\/uploads\/2021\/06\/89c29672-afa0-414b-9640-8f9ee9967e0c.jpg","jetpack_sharing_enabled":true,"_links":{"self":[{"href":"https:\/\/zonaroja.com.mx\/index.php?rest_route=\/wp\/v2\/posts\/29086","targetHints":{"allow":["GET"]}}],"collection":[{"href":"https:\/\/zonaroja.com.mx\/index.php?rest_route=\/wp\/v2\/posts"}],"about":[{"href":"https:\/\/zonaroja.com.mx\/index.php?rest_route=\/wp\/v2\/types\/post"}],"author":[{"embeddable":true,"href":"https:\/\/zonaroja.com.mx\/index.php?rest_route=\/wp\/v2\/users\/2"}],"replies":[{"embeddable":true,"href":"https:\/\/zonaroja.com.mx\/index.php?rest_route=%2Fwp%2Fv2%2Fcomments&post=29086"}],"version-history":[{"count":1,"href":"https:\/\/zonaroja.com.mx\/index.php?rest_route=\/wp\/v2\/posts\/29086\/revisions"}],"predecessor-version":[{"id":29087,"href":"https:\/\/zonaroja.com.mx\/index.php?rest_route=\/wp\/v2\/posts\/29086\/revisions\/29087"}],"wp:featuredmedia":[{"embeddable":true,"href":"https:\/\/zonaroja.com.mx\/index.php?rest_route=\/wp\/v2\/media\/29085"}],"wp:attachment":[{"href":"https:\/\/zonaroja.com.mx\/index.php?rest_route=%2Fwp%2Fv2%2Fmedia&parent=29086"}],"wp:term":[{"taxonomy":"category","embeddable":true,"href":"https:\/\/zonaroja.com.mx\/index.php?rest_route=%2Fwp%2Fv2%2Fcategories&post=29086"},{"taxonomy":"post_tag","embeddable":true,"href":"https:\/\/zonaroja.com.mx\/index.php?rest_route=%2Fwp%2Fv2%2Ftags&post=29086"}],"curies":[{"name":"wp","href":"https:\/\/api.w.org\/{rel}","templated":true}]}}