{"id":29088,"date":"2021-06-28T15:57:26","date_gmt":"2021-06-28T20:57:26","guid":{"rendered":"http:\/\/www.zonaroja.com.mx\/?p=29088"},"modified":"2021-06-28T15:57:28","modified_gmt":"2021-06-28T20:57:28","slug":"vuelven-las-protestas-en-contra-del-corredor-interoceanico-de-oaxaca","status":"publish","type":"post","link":"https:\/\/zonaroja.com.mx\/?p=29088","title":{"rendered":"Vuelven las protestas en contra del Corredor Interoce\u00e1nico de Oaxaca"},"content":{"rendered":"\n<p>Evlin Arag\u00f3n\/Zona Roja. Foto: Archivo<\/p>\n\n\n\n<p>Oaxaca de Ju\u00e1rez, Oax., 28 de junio de 2021.- Pobladores de diversas comunidades de la regi\u00f3n del Istmo de Tehuantepec reanudaron su protesta y oposici\u00f3n hacia el proyecto interoce\u00e1nico que se busca implementar en la zona, como parte de las obras estructurales del gobierno Federal.&nbsp;<\/p>\n\n\n\n<p>Desde temprana hora, bloquearon la carretera Trans\u00edstmica a la altura del kil\u00f3metro 181, para denunciar la falta de atenci\u00f3n por parte de las autoridades del gobierno federal, encabezado por Andr\u00e9s Manuel L\u00f3pez Obrador, cuyos funcionarios han mentido y enga\u00f1ado a la poblaci\u00f3n ind\u00edgena.\u00a0\u00a0<\/p>\n\n\n\n<p>\u201cHemos venido nuevamente a bloquear esta carretera Trans\u00edstmica porque el gobierno federal, a trav\u00e9s del funcionario Rafael Mar\u00edn Mollinedo nos est\u00e1 viendo la cara, pues no est\u00e1n cumpliendo todas nuestras peticiones y necesidades\u201d, dijo uno de los comuneros en el lugar del bloqueo.&nbsp;<\/p>\n\n\n\n<p>Record\u00f3 que las comunidades ind\u00edgenas siempre han sido maginadas y dejadas a un lado, sin embargo, en esta ocasi\u00f3n que el gobierno necesita de su respaldo para echar a andar la obra, no permitir\u00e1n su realizaci\u00f3n hasta que no se garantice el respeto a sus territorios y recursos naturales.&nbsp;<\/p>\n\n\n\n<p>En este mismo sentido, explic\u00f3 que el megaproyecto consiste en la supercarretera, gasoducto, las v\u00edas del tren, la luz el\u00e9ctrica, entre otras cosas, las cuales da\u00f1ar\u00edan considerablemente su territorio, de ah\u00ed que intensificar\u00e1n su reclamo por el respeto a sus tierras y la realizaci\u00f3n de la consulta a la comunidad como lo mandata la ley.\u00a0<\/p>\n\n\n\n<figure class=\"wp-block-embed-twitter wp-block-embed is-type-rich is-provider-twitter\"><div class=\"wp-block-embed__wrapper\">\n<div class=\"twitter-tweet\"><blockquote class=\"twitter-tweet\" data-lang=\"es\"><p lang=\"es\" dir=\"ltr\"><a href=\"https:\/\/twitter.com\/hashtag\/%C3%9AltimoMinuto?src=hash&amp;ref_src=twsrc%5Etfw\">#\u00daltimoMinuto<\/a> <br>Pobladores de diversas comunidades de la zona norte del Istmo de Tehuantepec reanudan su protesta con bloqueo en la carretera Trans\u00edstmica, a la altura del kil\u00f3metro 181; denuncian imposiciones y nula consulta del proyecto interoce\u00e1nico. <a href=\"https:\/\/t.co\/Y9UBQrrcLz\">pic.twitter.com\/Y9UBQrrcLz<\/a><\/p>&mdash; Zona Roja Oaxaca (@Zona_Roja_Oax) <a href=\"https:\/\/twitter.com\/Zona_Roja_Oax\/status\/1409547285831196674?ref_src=twsrc%5Etfw\">28 de junio de 2021<\/a><\/blockquote><\/div>\n<\/div><\/figure>\n\n\n\n<p>\u201cVamos a reclamar las veces que sean necesarias nuestros derechos, porque son nuestras tierras, el derecho nos asiste como comunidades ind\u00edgenas. Tenemos que luchar por el bien de nuestros pueblos que no vengan a saquear toda la riqueza que tiene el pueblo mixe\u201d, sentenci\u00f3.&nbsp;<\/p>\n\n\n\n<p>En mayo pasado y mediante acuerdo de asamblea, autoridades comunales y habitantes del Ejido Mogo\u00f1e Viejo, perteneciente al municipio de San Juan Guichicovi, pararon los trabajos del Corredor Interoce\u00e1nico, debido a la falta de atenci\u00f3n por parte de las autoridades locales.&nbsp;&nbsp;<\/p>\n\n\n\n<p>Mediante un documento aseguraron que, en caso de no respetar su decisi\u00f3n, tomar\u00edan acciones m\u00e1s contundentes para evitar las autoridades estatales y federales pasen por alto los acuerdos generados en la localidad.&nbsp;&nbsp;<\/p>\n\n\n\n<p>Explicaron como parte de la asamblea, realizada el 12 de julio del 2020, se acord\u00f3 que mientras no haya ninguna negociaci\u00f3n con el Corredor Interoce\u00e1nico y Ferrocarriles del Istmo de Tehuantepec, no podr\u00e1n entrar a su territorio a realizar alg\u00fan tipo trabajo.&nbsp;&nbsp;<\/p>\n\n\n\n<p>Lo anterior ha sido ignorado por las autoridades, ya que trabajadores de la empresa contratada por Ferrocarriles del Istmo de Tehuantepec ya realizan trabajos en las v\u00edas f\u00e9rreas y de desazolve en alcantarillados rompiendo incluso una de las tuber\u00edas que abastece de agua a la comunidad.&nbsp;<\/p>\n","protected":false},"excerpt":{"rendered":"<p>Evlin Arag\u00f3n\/Zona Roja. Foto: Archivo Oaxaca de Ju\u00e1rez, Oax., 28 de junio de 2021.- Pobladores&hellip;<\/p>\n","protected":false},"author":2,"featured_media":29089,"comment_status":"closed","ping_status":"open","sticky":false,"template":"","format":"standard","meta":{"_lmt_disableupdate":"","_lmt_disable":"","_jetpack_memberships_contains_paid_content":false,"footnotes":""},"categories":[109,47],"tags":[2765],"class_list":["post-29088","post","type-post","status-publish","format-standard","has-post-thumbnail","hentry","category-minuto-a-minuto","category-zona-gris","tag-mogone-san-juan-guichicovi"],"jetpack_featured_media_url":"https:\/\/zonaroja.com.mx\/wp-content\/uploads\/2021\/06\/Protesta-Mogone-corredor-interoceanico.jpg","jetpack_sharing_enabled":true,"_links":{"self":[{"href":"https:\/\/zonaroja.com.mx\/index.php?rest_route=\/wp\/v2\/posts\/29088","targetHints":{"allow":["GET"]}}],"collection":[{"href":"https:\/\/zonaroja.com.mx\/index.php?rest_route=\/wp\/v2\/posts"}],"about":[{"href":"https:\/\/zonaroja.com.mx\/index.php?rest_route=\/wp\/v2\/types\/post"}],"author":[{"embeddable":true,"href":"https:\/\/zonaroja.com.mx\/index.php?rest_route=\/wp\/v2\/users\/2"}],"replies":[{"embeddable":true,"href":"https:\/\/zonaroja.com.mx\/index.php?rest_route=%2Fwp%2Fv2%2Fcomments&post=29088"}],"version-history":[{"count":1,"href":"https:\/\/zonaroja.com.mx\/index.php?rest_route=\/wp\/v2\/posts\/29088\/revisions"}],"predecessor-version":[{"id":29090,"href":"https:\/\/zonaroja.com.mx\/index.php?rest_route=\/wp\/v2\/posts\/29088\/revisions\/29090"}],"wp:featuredmedia":[{"embeddable":true,"href":"https:\/\/zonaroja.com.mx\/index.php?rest_route=\/wp\/v2\/media\/29089"}],"wp:attachment":[{"href":"https:\/\/zonaroja.com.mx\/index.php?rest_route=%2Fwp%2Fv2%2Fmedia&parent=29088"}],"wp:term":[{"taxonomy":"category","embeddable":true,"href":"https:\/\/zonaroja.com.mx\/index.php?rest_route=%2Fwp%2Fv2%2Fcategories&post=29088"},{"taxonomy":"post_tag","embeddable":true,"href":"https:\/\/zonaroja.com.mx\/index.php?rest_route=%2Fwp%2Fv2%2Ftags&post=29088"}],"curies":[{"name":"wp","href":"https:\/\/api.w.org\/{rel}","templated":true}]}}