{"id":2909,"date":"2019-08-07T22:57:57","date_gmt":"2019-08-08T03:57:57","guid":{"rendered":"http:\/\/www.zonaroja.com.mx\/?p=2909"},"modified":"2019-08-07T22:58:12","modified_gmt":"2019-08-08T03:58:12","slug":"violencia-criminal-en-el-istmo-dos-asaltos-y-un-muerto","status":"publish","type":"post","link":"https:\/\/zonaroja.com.mx\/?p=2909","title":{"rendered":"Violencia criminal en el Istmo: dos asaltos y un muerto"},"content":{"rendered":"\n<p>Redacci\u00f3n\/Zona\nRoja.<\/p>\n\n\n\n<p>Oaxaca de\nJu\u00e1rez, Oax., 7 de agosto de 2019.- Ni la Guardia Nacional ni corporaciones\nfederales, estatales y municipales, son capaces de contener la ola delictiva en\nla regi\u00f3n del Istmo de Tehuantepec.<\/p>\n\n\n\n<p>Esta noche,\nun autob\u00fas de la l\u00ednea Fletes y Pasajes S. A. de C. V. (Fypsa) fue asaltado en\nun tramo de la carretera federal 190, Oaxaca-Istmo, entre Santo Domingo\nTehuantepec y Jalapa del Marqu\u00e9s.<\/p>\n\n\n\n<p>La unidad tra\u00eda\npasajeros a la ciudad capital cuando fue interceptada por varios sujetos\narmados, que quitaron todos los objetos de valor a los ocupantes.<\/p>\n\n\n\n<p>Por otra parte,\ndurante la ma\u00f1ana de este mi\u00e9rcoles se registr\u00f3 un asalto a las taquillas de la\nterminal de autobuses de la l\u00ednea Fypsa, ubicada en el crucero de acceso a\nJuchit\u00e1n de Zaragoza.<\/p>\n\n\n\n<p>Un solitario\nsujeto amag\u00f3 con un arma al empleado y le pidi\u00f3 todo el dinero de la cuenta,\ntras lo cual se dio a la fuga; corporaciones policiacas efectuaron operativos\nde b\u00fasqueda, sin \u00e9xito.<\/p>\n\n\n\n<p>Mientras\ntanto, la Vicefiscal\u00eda Regional del Istmo confirm\u00f3 hoy el asesinato a balazos\nde un individuo, perpetrado el domingo por la noche en San Francisco Ixhuat\u00e1n.<\/p>\n\n\n\n<p>La v\u00edctima\nfue identificada como Francisco M., quien presentaba varios disparos de arma de\nfuego, uno de ellos en la cabeza; se inform\u00f3 que la v\u00edctima ten\u00eda su domicilio\nen la colonia L\u00e1zaro C\u00e1rdenas de Ixhuat\u00e1n.<\/p>\n","protected":false},"excerpt":{"rendered":"<p>Redacci\u00f3n\/Zona Roja. Oaxaca de Ju\u00e1rez, Oax., 7 de agosto de 2019.- Ni la Guardia Nacional&hellip;<\/p>\n","protected":false},"author":2,"featured_media":2910,"comment_status":"closed","ping_status":"open","sticky":false,"template":"","format":"standard","meta":{"_lmt_disableupdate":"","_lmt_disable":"","_jetpack_memberships_contains_paid_content":false,"footnotes":""},"categories":[109,51],"tags":[504],"class_list":["post-2909","post","type-post","status-publish","format-standard","has-post-thumbnail","hentry","category-minuto-a-minuto","category-zona-roja","tag-fypsa"],"jetpack_featured_media_url":"https:\/\/zonaroja.com.mx\/wp-content\/uploads\/2019\/08\/db3f2dae-03d4-464a-a5d9-3246e13b24a6.jpg","jetpack_sharing_enabled":true,"_links":{"self":[{"href":"https:\/\/zonaroja.com.mx\/index.php?rest_route=\/wp\/v2\/posts\/2909","targetHints":{"allow":["GET"]}}],"collection":[{"href":"https:\/\/zonaroja.com.mx\/index.php?rest_route=\/wp\/v2\/posts"}],"about":[{"href":"https:\/\/zonaroja.com.mx\/index.php?rest_route=\/wp\/v2\/types\/post"}],"author":[{"embeddable":true,"href":"https:\/\/zonaroja.com.mx\/index.php?rest_route=\/wp\/v2\/users\/2"}],"replies":[{"embeddable":true,"href":"https:\/\/zonaroja.com.mx\/index.php?rest_route=%2Fwp%2Fv2%2Fcomments&post=2909"}],"version-history":[{"count":1,"href":"https:\/\/zonaroja.com.mx\/index.php?rest_route=\/wp\/v2\/posts\/2909\/revisions"}],"predecessor-version":[{"id":2911,"href":"https:\/\/zonaroja.com.mx\/index.php?rest_route=\/wp\/v2\/posts\/2909\/revisions\/2911"}],"wp:featuredmedia":[{"embeddable":true,"href":"https:\/\/zonaroja.com.mx\/index.php?rest_route=\/wp\/v2\/media\/2910"}],"wp:attachment":[{"href":"https:\/\/zonaroja.com.mx\/index.php?rest_route=%2Fwp%2Fv2%2Fmedia&parent=2909"}],"wp:term":[{"taxonomy":"category","embeddable":true,"href":"https:\/\/zonaroja.com.mx\/index.php?rest_route=%2Fwp%2Fv2%2Fcategories&post=2909"},{"taxonomy":"post_tag","embeddable":true,"href":"https:\/\/zonaroja.com.mx\/index.php?rest_route=%2Fwp%2Fv2%2Ftags&post=2909"}],"curies":[{"name":"wp","href":"https:\/\/api.w.org\/{rel}","templated":true}]}}