{"id":29093,"date":"2021-06-28T18:28:23","date_gmt":"2021-06-28T23:28:23","guid":{"rendered":"http:\/\/www.zonaroja.com.mx\/?p=29093"},"modified":"2021-06-28T18:28:26","modified_gmt":"2021-06-28T23:28:26","slug":"segun-el-mult-han-asesinado-a-431-militantes-de-la-organizacion","status":"publish","type":"post","link":"https:\/\/zonaroja.com.mx\/?p=29093","title":{"rendered":"Seg\u00fan el MULT, han asesinado a 431 militantes de la organizaci\u00f3n"},"content":{"rendered":"\n<p>Ismael Garc\u00eda M.\/Zona Roja.<\/p>\n\n\n\n<p>Oaxaca de Ju\u00e1rez, Oax., 28 de junio de 2021.- Con el asesinato de dos profesores ind\u00edgenas, perpetrado la ma\u00f1ana de este lunes, suman 431 cr\u00edmenes de afiliados al Movimiento de Unificaci\u00f3n y Lucha Triqui (MULT) a lo largo de su existencia, inform\u00f3 la organizaci\u00f3n.<\/p>\n\n\n\n<p>En los \u00faltimos meses, suman 10 asesinatos en esa zona de la regi\u00f3n Mixteca del estado, adem\u00e1s de al menos 14 casos de desaparici\u00f3n, como el de las locutoras Daniela y Virginia, detall\u00f3 en un comunicado.<\/p>\n\n\n\n<p>\u201cEs lamentable que en Oaxaca se viva una ola de violencia sin que las autoridades hagan algo por impedirlo, y es que no les interesa la vida de los pobres y de los pueblos\u201d, difundi\u00f3.<\/p>\n\n\n\n<p>La organizaci\u00f3n que dirige el profesor Rogelio Pensamiento Mesinas, lament\u00f3 que desde hace varias d\u00e9cadas se registren hechos de violencia y homicidios en la zona Triqui, sin que haya atenci\u00f3n a la problem\u00e1tica.<\/p>\n\n\n\n<p>\u201cLa violencia viene de arriba financiada por quienes les interesa enfrentar a los pueblos para encubrir intereses de ambici\u00f3n para los privilegios en espacios de poder pol\u00edtico, la violencia no es de los pueblos, a fin de cuentas todos somos hermanos del mismo dolor\u201d, expuso.<\/p>\n\n\n\n<figure class=\"wp-block-embed-twitter wp-block-embed is-type-rich is-provider-twitter\"><div class=\"wp-block-embed__wrapper\">\n<div class=\"twitter-tweet\"><blockquote class=\"twitter-tweet\" data-lang=\"es\"><p lang=\"es\" dir=\"ltr\">La <a href=\"https:\/\/twitter.com\/FISCALIA_GobOax?ref_src=twsrc%5Etfw\">@FISCALIA_GobOax<\/a> inici\u00f3 carpeta de investigaci\u00f3n 21381\/FMIX\/JUXTLAHUACA\/2021 por el delito de homicidio doloso calificado, luego del hallazgo de los cuerpos de dos personas (una de ellas mujer), en el Distrito de <a href=\"https:\/\/twitter.com\/hashtag\/SantiagoJuxtlahuaca?src=hash&amp;ref_src=twsrc%5Etfw\">#SantiagoJuxtlahuaca<\/a>, en la regi\u00f3n <a href=\"https:\/\/twitter.com\/hashtag\/Mixteca?src=hash&amp;ref_src=twsrc%5Etfw\">#Mixteca<\/a>. <a href=\"https:\/\/t.co\/3ApesYN7F7\">pic.twitter.com\/3ApesYN7F7<\/a><\/p>&mdash; Fiscal\u00eda General (@FISCALIA_GobOax) <a href=\"https:\/\/twitter.com\/FISCALIA_GobOax\/status\/1409631468574314496?ref_src=twsrc%5Etfw\">28 de junio de 2021<\/a><\/blockquote><\/div>\n<\/div><\/figure>\n\n\n\n<p>Indic\u00f3 que la \u00fanica forma de resolver este tipo de problemas es luchando por la paz y exigir justicia a trav\u00e9s de la movilizaci\u00f3n, para lo cual convoc\u00f3 a sus militantes a una jornada de protesta el pr\u00f3ximo 5 de julio en distintas regiones del estado.<\/p>\n\n\n\n<p>\u201cEstamos convencidos que la \u00fanica forma de acabar con este tipo de actos es quitando a los mafiosos como funcionarios p\u00fablicos, que se han enriquecido a costa del sufrimiento del pueblo, queremos el cambio verdadero en Oaxaca\u201d, a\u00f1adi\u00f3.<\/p>\n\n\n\n<p>Y aprovech\u00f3 para sumarse a la jornada de juicio que impulsa el Partido Morena en contra de ex presidentes de M\u00e9xico.<\/p>\n\n\n\n<p>Los profesores ind\u00edgenas fueron asesinados este lunes alrededor de las 06:30 horas en inmediaciones de la localidad de La Lagunilla, Constancia del Rosario, Putla, seg\u00fan el MULT, aunque otras versiones refieren que fue en jurisdicci\u00f3n de Santiago Juxtlahuaca.<\/p>\n\n\n\n<p>Fueron identificados como Oliverio Mart\u00ednez Merino y su esposa Flor de Jes\u00fas Hern\u00e1ndez, originarios de San Miguel Copala, y quienes se dirig\u00edan a bordo de una camioneta marca Nissan, a impartir clases a la primaria \u201cAlma Mixteca\u201d de la localidad de Coyuchi Copala.<\/p>\n","protected":false},"excerpt":{"rendered":"<p>Ismael Garc\u00eda M.\/Zona Roja. Oaxaca de Ju\u00e1rez, Oax., 28 de junio de 2021.- Con el&hellip;<\/p>\n","protected":false},"author":2,"featured_media":29094,"comment_status":"closed","ping_status":"open","sticky":false,"template":"","format":"standard","meta":{"_lmt_disableupdate":"","_lmt_disable":"","_jetpack_memberships_contains_paid_content":false,"footnotes":""},"categories":[109,47],"tags":[732],"class_list":["post-29093","post","type-post","status-publish","format-standard","has-post-thumbnail","hentry","category-minuto-a-minuto","category-zona-gris","tag-movimiento-de-unificacion-y-lucha-triqui"],"jetpack_featured_media_url":"https:\/\/zonaroja.com.mx\/wp-content\/uploads\/2021\/06\/Comunicado-MULT-asesinato-profesores.jpg","jetpack_sharing_enabled":true,"_links":{"self":[{"href":"https:\/\/zonaroja.com.mx\/index.php?rest_route=\/wp\/v2\/posts\/29093","targetHints":{"allow":["GET"]}}],"collection":[{"href":"https:\/\/zonaroja.com.mx\/index.php?rest_route=\/wp\/v2\/posts"}],"about":[{"href":"https:\/\/zonaroja.com.mx\/index.php?rest_route=\/wp\/v2\/types\/post"}],"author":[{"embeddable":true,"href":"https:\/\/zonaroja.com.mx\/index.php?rest_route=\/wp\/v2\/users\/2"}],"replies":[{"embeddable":true,"href":"https:\/\/zonaroja.com.mx\/index.php?rest_route=%2Fwp%2Fv2%2Fcomments&post=29093"}],"version-history":[{"count":1,"href":"https:\/\/zonaroja.com.mx\/index.php?rest_route=\/wp\/v2\/posts\/29093\/revisions"}],"predecessor-version":[{"id":29095,"href":"https:\/\/zonaroja.com.mx\/index.php?rest_route=\/wp\/v2\/posts\/29093\/revisions\/29095"}],"wp:featuredmedia":[{"embeddable":true,"href":"https:\/\/zonaroja.com.mx\/index.php?rest_route=\/wp\/v2\/media\/29094"}],"wp:attachment":[{"href":"https:\/\/zonaroja.com.mx\/index.php?rest_route=%2Fwp%2Fv2%2Fmedia&parent=29093"}],"wp:term":[{"taxonomy":"category","embeddable":true,"href":"https:\/\/zonaroja.com.mx\/index.php?rest_route=%2Fwp%2Fv2%2Fcategories&post=29093"},{"taxonomy":"post_tag","embeddable":true,"href":"https:\/\/zonaroja.com.mx\/index.php?rest_route=%2Fwp%2Fv2%2Ftags&post=29093"}],"curies":[{"name":"wp","href":"https:\/\/api.w.org\/{rel}","templated":true}]}}