{"id":29096,"date":"2021-06-28T19:30:16","date_gmt":"2021-06-29T00:30:16","guid":{"rendered":"http:\/\/www.zonaroja.com.mx\/?p=29096"},"modified":"2021-06-28T19:30:42","modified_gmt":"2021-06-29T00:30:42","slug":"cisma-en-el-pup-demandan-cambio-del-dirigente-uriel-diaz-caballero","status":"publish","type":"post","link":"https:\/\/zonaroja.com.mx\/?p=29096","title":{"rendered":"Cisma en el PUP: demandan cambio del dirigente Uriel D\u00edaz Caballero"},"content":{"rendered":"\n<p>Ismael Garc\u00eda M.\/Zona Roja.<\/p>\n\n\n\n<p>San Antonio de la Cal, Oax., 28 de junio de 2021.- Ocho militantes del Partido Unidad Popular (PUP), entre ellos integrantes de la dirigencia, demandaron hoy una asamblea para sustituir a Uriel D\u00edaz Caballero como presidente del instituto pol\u00edtico, quien lleva 12 a\u00f1os en el cargo.<\/p>\n\n\n\n<p>En conferencia de prensa en las oficinas del PUP, Santiago Garc\u00eda Sandoval y Daniel \u00c1vila Serrano, secretarios General y de Organizaci\u00f3n, respectivamente, acusaron tambi\u00e9n opacidad y nula informaci\u00f3n respecto de los recursos millonarios que maneja el partido.<\/p>\n\n\n\n<p>Recordaron que el PUP fue fundado en el a\u00f1o 2003, bajo el liderazgo del extinto Heriberto Pazos Ortiz; en 2010 se eligi\u00f3 a la mayor\u00eda de los integrantes del comit\u00e9 ejecutivo y en 2016 se llev\u00f3 a cabo la \u00faltima asamblea estatal.<\/p>\n\n\n\n<p>Sin embargo, desde el a\u00f1o pasado debi\u00f3 efectuarse el proceso para renovar la dirigencia, lo cual no ha sucedido.<\/p>\n\n\n\n<p>Adem\u00e1s, desde el a\u00f1o 2010, s\u00f3lo el presidente y el secretario de Finanzas del partido manejan el dinero y conocen del destino de los recursos y prerrogativas que ha recibido el PUP.<\/p>\n\n\n\n<p>\u201cNo tenemos ning\u00fan presupuesto para realizar ning\u00fan presupuesto desde nuestro nombramiento; adem\u00e1s, cada a\u00f1o la presidencia debe presentar un plan de trabajo y no lo hay\u2026 desde su creaci\u00f3n, el partido va en decadencia\u201d, dijo Garc\u00eda Sandoval.<\/p>\n\n\n\n<figure class=\"wp-block-embed-twitter wp-block-embed is-type-rich is-provider-twitter\"><div class=\"wp-block-embed__wrapper\">\n<div class=\"twitter-tweet\"><blockquote class=\"twitter-tweet\" data-lang=\"es\"><p lang=\"es\" dir=\"ltr\"><a href=\"https:\/\/twitter.com\/hashtag\/%C3%9AltimoMinuto?src=hash&amp;ref_src=twsrc%5Etfw\">#\u00daltimoMinuto<\/a> <br>Cisma en el Partido Unidad Popular (PUP). <br>Tras 12 a\u00f1os de cacicazgo de la dirigencia de Uriel D\u00edaz Caballero, exigen elecciones para renovar el comit\u00e9. <br>Acusan que no hay transparencia en manejo de millones de pesos. <a href=\"https:\/\/t.co\/rfGvL2DYzT\">pic.twitter.com\/rfGvL2DYzT<\/a><\/p>&mdash; Zona Roja Oaxaca (@Zona_Roja_Oax) <a href=\"https:\/\/twitter.com\/Zona_Roja_Oax\/status\/1409564928235610129?ref_src=twsrc%5Etfw\">28 de junio de 2021<\/a><\/blockquote><\/div>\n<\/div><\/figure>\n\n\n\n<p>Expuso que en 2016 apenas alcanzaron el tres por ciento de votaci\u00f3n para mantener el registro y en los dos recientes procesos electorales no se ha llegado a esa cifra, para ser un partido competitivo.<\/p>\n\n\n\n<p>\u201cNo ha habido esa democracia, hemos presentado un escrito para ver si hay contestaci\u00f3n del dirigente (Uriel D\u00edaz), ante la negativa nos vemos obligados a recurrir al Tribunal (electoral) para que se emita la convocatoria\u201d, agreg\u00f3.<\/p>\n\n\n\n<p>\u201cLa mejor evaluaci\u00f3n que podemos tener es la asamblea estatal, la que nos va a calificar y pedir cuentas de qu\u00e9 es lo que hemos hecho; buscamos que el partido logre la unidad y el \u00fanico instrumento es crear las asambleas comunitarias y regionales.<\/p>\n\n\n\n<p>\u201cNo hay divisi\u00f3n, tenemos diferentes puntos de vista obviamente, pero ser\u00e1 la uniad de los pueblos la subsistencia del PUP\u201d, manifest\u00f3 a su vez Daniel \u00c1vila Serrano, al rechazar que haya ruptura o resquebrajamiento.<\/p>\n","protected":false},"excerpt":{"rendered":"<p>Ismael Garc\u00eda M.\/Zona Roja. San Antonio de la Cal, Oax., 28 de junio de 2021.-&hellip;<\/p>\n","protected":false},"author":2,"featured_media":29097,"comment_status":"closed","ping_status":"open","sticky":false,"template":"","format":"standard","meta":{"_lmt_disableupdate":"","_lmt_disable":"","_jetpack_memberships_contains_paid_content":false,"footnotes":""},"categories":[109,47],"tags":[2766],"class_list":["post-29096","post","type-post","status-publish","format-standard","has-post-thumbnail","hentry","category-minuto-a-minuto","category-zona-gris","tag-partido-unidad-popular-pup"],"jetpack_featured_media_url":"https:\/\/zonaroja.com.mx\/wp-content\/uploads\/2021\/06\/Conferencia-Partido-Unidad-Popular.jpg","jetpack_sharing_enabled":true,"_links":{"self":[{"href":"https:\/\/zonaroja.com.mx\/index.php?rest_route=\/wp\/v2\/posts\/29096","targetHints":{"allow":["GET"]}}],"collection":[{"href":"https:\/\/zonaroja.com.mx\/index.php?rest_route=\/wp\/v2\/posts"}],"about":[{"href":"https:\/\/zonaroja.com.mx\/index.php?rest_route=\/wp\/v2\/types\/post"}],"author":[{"embeddable":true,"href":"https:\/\/zonaroja.com.mx\/index.php?rest_route=\/wp\/v2\/users\/2"}],"replies":[{"embeddable":true,"href":"https:\/\/zonaroja.com.mx\/index.php?rest_route=%2Fwp%2Fv2%2Fcomments&post=29096"}],"version-history":[{"count":1,"href":"https:\/\/zonaroja.com.mx\/index.php?rest_route=\/wp\/v2\/posts\/29096\/revisions"}],"predecessor-version":[{"id":29098,"href":"https:\/\/zonaroja.com.mx\/index.php?rest_route=\/wp\/v2\/posts\/29096\/revisions\/29098"}],"wp:featuredmedia":[{"embeddable":true,"href":"https:\/\/zonaroja.com.mx\/index.php?rest_route=\/wp\/v2\/media\/29097"}],"wp:attachment":[{"href":"https:\/\/zonaroja.com.mx\/index.php?rest_route=%2Fwp%2Fv2%2Fmedia&parent=29096"}],"wp:term":[{"taxonomy":"category","embeddable":true,"href":"https:\/\/zonaroja.com.mx\/index.php?rest_route=%2Fwp%2Fv2%2Fcategories&post=29096"},{"taxonomy":"post_tag","embeddable":true,"href":"https:\/\/zonaroja.com.mx\/index.php?rest_route=%2Fwp%2Fv2%2Ftags&post=29096"}],"curies":[{"name":"wp","href":"https:\/\/api.w.org\/{rel}","templated":true}]}}