{"id":29099,"date":"2021-06-28T20:09:34","date_gmt":"2021-06-29T01:09:34","guid":{"rendered":"http:\/\/www.zonaroja.com.mx\/?p=29099"},"modified":"2021-06-28T20:09:36","modified_gmt":"2021-06-29T01:09:36","slug":"registra-oaxaca-32-expedientes-por-discriminacion-contra-comunidad-lgbt","status":"publish","type":"post","link":"https:\/\/zonaroja.com.mx\/?p=29099","title":{"rendered":"Registra Oaxaca 32 expedientes por discriminaci\u00f3n contra comunidad LGBT+"},"content":{"rendered":"\n<p>Redacci\u00f3n\/Zona Roja. Foto: Cortes\u00eda<\/p>\n\n\n\n<p>Oaxaca de Ju\u00e1rez, Oax., 28 de junio de 2021.- En el marco de la celebraci\u00f3n del D\u00eda del Orgullo Gay, la Defensor\u00eda de los Derechos Humanos del Pueblo de Oaxaca (DDHPO) advirti\u00f3 que la discriminaci\u00f3n es una barrera que impide a las personas Lesbianas, Gays, Bisexuales, Trasvestis, Transg\u00e9nero, Transexuales, Intersexuales o Queer (LGBTTIQ+), acceder plenamente a sus derechos humanos y menoscaba su dignidad.<\/p>\n\n\n\n<p>El organismo defensor explic\u00f3 que los prejuicios y estereotipos negativos hacia las personas LGBTTTIQ+ contribuyen a normalizar y justificar la discriminaci\u00f3n. Mientras que, advirti\u00f3, el discurso de odio provoca que se minimice la violencia hacia las personas que tienen una identidad sexogen\u00e9rica no binaria.<\/p>\n\n\n\n<p>Agreg\u00f3 que la discriminaci\u00f3n tiene efectos negativos en la vida de las personas LGBTTTIQ+, ya que los orilla a vivir en una situaci\u00f3n de exclusi\u00f3n que trasgrede sus derechos y los hace vulnerables al c\u00edrculo de la pobreza.<\/p>\n\n\n\n<p>La Defensor\u00eda de los Derechos Humanos, inform\u00f3 que entre 2015 y 2021 inici\u00f3 32 expedientes relacionados con actos discriminatorios hacia personas de la comunidad LGBTTTIQ+, los cuales repercutieron en la negaci\u00f3n del ejercicio de sus derechos humanos.<\/p>\n\n\n\n<p>Entre las garant\u00edas m\u00e1s vulneradas de las personas LGBTTIQ+ est\u00e1n el derecho al trabajo, a la seguridad jur\u00eddica, igualdad ante la ley, el acceso a la justicia e integridad personal. Y destacan: la identidad de g\u00e9nero que implica el reconocimiento jur\u00eddico de su personalidad basada en su orientaci\u00f3n sexual o identidad de g\u00e9nero.<\/p>\n\n\n\n<p>Las autoridades m\u00e1s se\u00f1aladas ante la Defensor\u00eda son: los municipios, la Direcci\u00f3n del Registro Civil, la Secretar\u00eda de Seguridad P\u00fablica, la Fiscal\u00eda General del Estado y la Secretar\u00eda de Salud.<\/p>\n\n\n\n<p>Para el organismo aut\u00f3nomo, representa un reto que el Estado garantice igualdad y no discriminaci\u00f3n a las personas LGBTTTIQ+, para ello es necesario que se realicen acciones que permitan aumentar su visibilidad, reconocimiento e inclusi\u00f3n.<\/p>\n\n\n\n<p>Adem\u00e1s de que las autoridades asuman su obligaci\u00f3n de erradicar los prejuicios, estereotipos, discursos de odio y todo tipo de discriminaci\u00f3n en contra de las personas Lesbianas, Gays, Bisexuales, Trasvestis, Transg\u00e9nero, Transexuales, Intersexuales o Queer, para ello es importante que se garantice la sanci\u00f3n a las acciones de exclusi\u00f3n y discriminaci\u00f3n.<\/p>\n\n\n\n<p>(Comunicado)<\/p>\n","protected":false},"excerpt":{"rendered":"<p>Redacci\u00f3n\/Zona Roja. Foto: Cortes\u00eda Oaxaca de Ju\u00e1rez, Oax., 28 de junio de 2021.- En el&hellip;<\/p>\n","protected":false},"author":2,"featured_media":29100,"comment_status":"closed","ping_status":"open","sticky":false,"template":"","format":"standard","meta":{"_lmt_disableupdate":"","_lmt_disable":"","_jetpack_memberships_contains_paid_content":false,"footnotes":""},"categories":[109,47],"tags":[2767],"class_list":["post-29099","post","type-post","status-publish","format-standard","has-post-thumbnail","hentry","category-minuto-a-minuto","category-zona-gris","tag-marcha-orgullo-gay-homofobia"],"jetpack_featured_media_url":"https:\/\/zonaroja.com.mx\/wp-content\/uploads\/2021\/06\/Marcha-homofobia-orgullo-gay.jpg","jetpack_sharing_enabled":true,"_links":{"self":[{"href":"https:\/\/zonaroja.com.mx\/index.php?rest_route=\/wp\/v2\/posts\/29099","targetHints":{"allow":["GET"]}}],"collection":[{"href":"https:\/\/zonaroja.com.mx\/index.php?rest_route=\/wp\/v2\/posts"}],"about":[{"href":"https:\/\/zonaroja.com.mx\/index.php?rest_route=\/wp\/v2\/types\/post"}],"author":[{"embeddable":true,"href":"https:\/\/zonaroja.com.mx\/index.php?rest_route=\/wp\/v2\/users\/2"}],"replies":[{"embeddable":true,"href":"https:\/\/zonaroja.com.mx\/index.php?rest_route=%2Fwp%2Fv2%2Fcomments&post=29099"}],"version-history":[{"count":1,"href":"https:\/\/zonaroja.com.mx\/index.php?rest_route=\/wp\/v2\/posts\/29099\/revisions"}],"predecessor-version":[{"id":29101,"href":"https:\/\/zonaroja.com.mx\/index.php?rest_route=\/wp\/v2\/posts\/29099\/revisions\/29101"}],"wp:featuredmedia":[{"embeddable":true,"href":"https:\/\/zonaroja.com.mx\/index.php?rest_route=\/wp\/v2\/media\/29100"}],"wp:attachment":[{"href":"https:\/\/zonaroja.com.mx\/index.php?rest_route=%2Fwp%2Fv2%2Fmedia&parent=29099"}],"wp:term":[{"taxonomy":"category","embeddable":true,"href":"https:\/\/zonaroja.com.mx\/index.php?rest_route=%2Fwp%2Fv2%2Fcategories&post=29099"},{"taxonomy":"post_tag","embeddable":true,"href":"https:\/\/zonaroja.com.mx\/index.php?rest_route=%2Fwp%2Fv2%2Ftags&post=29099"}],"curies":[{"name":"wp","href":"https:\/\/api.w.org\/{rel}","templated":true}]}}