{"id":29102,"date":"2021-06-28T22:23:10","date_gmt":"2021-06-29T03:23:10","guid":{"rendered":"http:\/\/www.zonaroja.com.mx\/?p=29102"},"modified":"2021-06-28T22:27:59","modified_gmt":"2021-06-29T03:27:59","slug":"cabildo-de-salina-cruz-determina-semaforo-rojo-ante-crecientes-casos-de-covid","status":"publish","type":"post","link":"https:\/\/zonaroja.com.mx\/?p=29102","title":{"rendered":"Cabildo de Salina Cruz determina sem\u00e1foro rojo ante crecientes casos de Covid"},"content":{"rendered":"\n<p>Redacci\u00f3n\/Zona Roja.<\/p>\n\n\n\n<p>Oaxaca de Ju\u00e1rez, Oax., 28 de junio de 2021.- El Cabildo de Salina Cruz, municipio de la regi\u00f3n del Istmo de Oaxaca, determin\u00f3 esta noche aplicar el sem\u00e1foro epidemiol\u00f3gico en color rojo, ante el incremento de casos de Covid-19.<\/p>\n\n\n\n<p>En un mensaje a trav\u00e9s de las redes sociales, el presidente municipal Juan Carlos Atecas Altamirano, inform\u00f3 que la medida aplica a partir de las 00:00 horas de este martes 29 de junio.<\/p>\n\n\n\n<p>Sin precisar el n\u00famero de casos, inform\u00f3 que en las \u00faltimas fechas se han incrementado los contagios, as\u00ed como los fallecimientos, por lo cual el cuerpo edilicio tom\u00f3 la determinaci\u00f3n de manera un\u00e1nime. De acuerdo con los Servicios de Salud, tan s\u00f3lo el fin de semana se habr\u00edan registrado 34 casos positivos.<\/p>\n\n\n\n<figure class=\"wp-block-embed-twitter wp-block-embed is-type-rich is-provider-twitter\"><div class=\"wp-block-embed__wrapper\">\n<div class=\"twitter-tweet\"><blockquote class=\"twitter-tweet\" data-lang=\"es\"><p lang=\"es\" dir=\"ltr\"><a href=\"https:\/\/twitter.com\/hashtag\/%C3%9AltimoMinuto?src=hash&amp;ref_src=twsrc%5Etfw\">#\u00daltimoMinuto<\/a> <br>El cabildo de Salina Cruz, municipio de la regi\u00f3n del Istmo de <a href=\"https:\/\/twitter.com\/hashtag\/Oaxaca?src=hash&amp;ref_src=twsrc%5Etfw\">#Oaxaca<\/a>, determin\u00f3 esta noche implementar el sem\u00e1foro rojo epidemiol\u00f3gico por Covid-19, a partir de las 00:00 horas de este 29 de junio, debido al alarmante incremento del n\u00famero de casos. <a href=\"https:\/\/t.co\/XalyspLvec\">pic.twitter.com\/XalyspLvec<\/a><\/p>&mdash; Zona Roja Oaxaca (@Zona_Roja_Oax) <a href=\"https:\/\/twitter.com\/Zona_Roja_Oax\/status\/1409711385244672003?ref_src=twsrc%5Etfw\">29 de junio de 2021<\/a><\/blockquote><\/div>\n<\/div><\/figure>\n\n\n\n<p>Entre otras acciones, se prohibir\u00e1 por completo la venta de bebidas alcoh\u00f3licas, mientras que los restaurantes y comercios en general tendr\u00e1n que cerrar sus puertas.<\/p>\n\n\n\n<p>S\u00f3lo se permitir\u00e1 la apertura restringida de establecimientos esenciales, como es el caso de los bancos, con las debidas medidas, inform\u00f3 el edil, surgido del Partido Morena pero que en la pasada elecci\u00f3n, busc\u00f3 la reelecci\u00f3n por el Partido Unidad Popular.<\/p>\n","protected":false},"excerpt":{"rendered":"<p>Redacci\u00f3n\/Zona Roja. Oaxaca de Ju\u00e1rez, Oax., 28 de junio de 2021.- El Cabildo de Salina&hellip;<\/p>\n","protected":false},"author":2,"featured_media":2295,"comment_status":"closed","ping_status":"open","sticky":false,"template":"","format":"standard","meta":{"_lmt_disableupdate":"","_lmt_disable":"","_jetpack_memberships_contains_paid_content":false,"footnotes":""},"categories":[109,47],"tags":[168],"class_list":["post-29102","post","type-post","status-publish","format-standard","has-post-thumbnail","hentry","category-minuto-a-minuto","category-zona-gris","tag-salina-cruz"],"jetpack_featured_media_url":"https:\/\/zonaroja.com.mx\/wp-content\/uploads\/2019\/07\/Salina-Cruz-3.jpg","jetpack_sharing_enabled":true,"_links":{"self":[{"href":"https:\/\/zonaroja.com.mx\/index.php?rest_route=\/wp\/v2\/posts\/29102","targetHints":{"allow":["GET"]}}],"collection":[{"href":"https:\/\/zonaroja.com.mx\/index.php?rest_route=\/wp\/v2\/posts"}],"about":[{"href":"https:\/\/zonaroja.com.mx\/index.php?rest_route=\/wp\/v2\/types\/post"}],"author":[{"embeddable":true,"href":"https:\/\/zonaroja.com.mx\/index.php?rest_route=\/wp\/v2\/users\/2"}],"replies":[{"embeddable":true,"href":"https:\/\/zonaroja.com.mx\/index.php?rest_route=%2Fwp%2Fv2%2Fcomments&post=29102"}],"version-history":[{"count":2,"href":"https:\/\/zonaroja.com.mx\/index.php?rest_route=\/wp\/v2\/posts\/29102\/revisions"}],"predecessor-version":[{"id":29104,"href":"https:\/\/zonaroja.com.mx\/index.php?rest_route=\/wp\/v2\/posts\/29102\/revisions\/29104"}],"wp:featuredmedia":[{"embeddable":true,"href":"https:\/\/zonaroja.com.mx\/index.php?rest_route=\/wp\/v2\/media\/2295"}],"wp:attachment":[{"href":"https:\/\/zonaroja.com.mx\/index.php?rest_route=%2Fwp%2Fv2%2Fmedia&parent=29102"}],"wp:term":[{"taxonomy":"category","embeddable":true,"href":"https:\/\/zonaroja.com.mx\/index.php?rest_route=%2Fwp%2Fv2%2Fcategories&post=29102"},{"taxonomy":"post_tag","embeddable":true,"href":"https:\/\/zonaroja.com.mx\/index.php?rest_route=%2Fwp%2Fv2%2Ftags&post=29102"}],"curies":[{"name":"wp","href":"https:\/\/api.w.org\/{rel}","templated":true}]}}