{"id":29118,"date":"2021-06-29T08:03:39","date_gmt":"2021-06-29T13:03:39","guid":{"rendered":"http:\/\/www.zonaroja.com.mx\/?p=29118"},"modified":"2021-06-29T08:03:41","modified_gmt":"2021-06-29T13:03:41","slug":"titular-del-poder-judicial-refrenda-compromiso-de-trabajar-contra-impunidad","status":"publish","type":"post","link":"https:\/\/zonaroja.com.mx\/?p=29118","title":{"rendered":"Titular del Poder Judicial refrenda compromiso de trabajar contra impunidad"},"content":{"rendered":"\n<p>Redacci\u00f3n\/Zona Roja.<\/p>\n\n\n\n<p>Oaxaca de Ju\u00e1rez, Oax., 29 de junio de 2021.- \u201cNinguna circunstancia justifica jam\u00e1s el uso de la tortura u otras modalidades de penas o tratos crueles, inhumanos y degradantes, los Estados parte tenemos la obligaci\u00f3n de velar por que las v\u00edctimas obtengan reparaci\u00f3n, lo que incluye los medios para lograr la rehabilitaci\u00f3n m\u00e1s completa posible, afirm\u00f3 el titular del Poder Judicial, magistrado Eduardo Pinacho S\u00e1nchez ante operadoras y operadores de justicia de Oaxaca.<\/p>\n\n\n\n<p>Al inaugurar la conferencia virtual \u201cMecanismos jurisdiccionales y no jurisdiccionales de protecci\u00f3n contra la tortura\u201d, impartida por el Coordinador del \u00c1rea Jur\u00eddica de la Asociaci\u00f3n Civil \u201cAsistencia Legal por los Derechos Humanos\u201d (Asilegal), Alfredo Utrera Dimas, dijo que este delito de lesa humanidad todav\u00eda existe y hay v\u00edctimas en todas las regiones del mundo, hecho que requiere, de las instituciones, renovar su labor de trabajar siempre del lado de la justicia y contra la impunidad.<\/p>\n\n\n\n<p>\u201cCoincidimos en la misi\u00f3n de contribuir al acceso a la justicia de las personas en situaci\u00f3n de vulnerabilidad, particularmente de mujeres, personas integrantes de pueblos y comunidades ind\u00edgenas y de la poblaci\u00f3n LGBTTTI, con enfoque de derechos humanos, perspectiva de g\u00e9nero, interseccionalidad, progresividad e interculturalidad\u201d recalc\u00f3.<\/p>\n\n\n\n<p>Al abordar el tema, el representante de AsiLegal, dio a conocer que, de acuerdo a datos estad\u00edsticos de la Encuesta Nacional de Poblaci\u00f3n Privada de Libertad, los estados donde prevalece mayormente la tortura, son Chiapas, Ciudad de M\u00e9xico y Oaxaca, destacando factores como las altas tasas de encarcelamiento, insuficiencia de bienes y servicios y, sobre todo, el incremento en el n\u00famero de mujeres que se encuentran en conflicto con la ley penal.<\/p>\n\n\n\n<p>Alfredo Utrera destac\u00f3 que en el 55.3 por ciento de los casos al interior de los centros penitenciarios registraron agresiones f\u00edsicas, espec\u00edficamente en casos de mujeres que han sido se\u00f1aladas por la comisi\u00f3n de delitos del fuero federal, quienes fueron v\u00edctimas de ataques como patadas y pu\u00f1etazos, golpes con objetos, aplastamiento de alguna parte del cuerpo, as\u00ed como descargas el\u00e9ctricas, violencia sexual y otro tipo de agresiones, mismos que se dejaron sin la atenci\u00f3n m\u00e9dica correspondiente, explic\u00f3.<\/p>\n\n\n\n<p>Por esa raz\u00f3n, el Coordinador destac\u00f3 ante las y los magistrados del Tribunal Superior de Justicia y dem\u00e1s servidores p\u00fablicos, la necesidad de fortalecer los diferentes mecanismos y herramientas jurisdiccionales para prevenir la tortura y garantizar los derechos humanos de hombres y mujeres que se encuentran privados de su libertad en los centros penitenciarios del pa\u00eds.<\/p>\n\n\n\n<p>La conferencia se organiz\u00f3 a trav\u00e9s de la Direcci\u00f3n de Derechos Humanos de la Judicatura, con motivo del D\u00eda Internacional en Apoyo de las V\u00edctimas de la Tortura que se conmemora el 26 de junio.<\/p>\n","protected":false},"excerpt":{"rendered":"<p>Redacci\u00f3n\/Zona Roja. Oaxaca de Ju\u00e1rez, Oax., 29 de junio de 2021.- \u201cNinguna circunstancia justifica jam\u00e1s&hellip;<\/p>\n","protected":false},"author":2,"featured_media":29119,"comment_status":"closed","ping_status":"open","sticky":false,"template":"","format":"standard","meta":{"_lmt_disableupdate":"","_lmt_disable":"","_jetpack_memberships_contains_paid_content":false,"footnotes":""},"categories":[109,46],"tags":[223],"class_list":["post-29118","post","type-post","status-publish","format-standard","has-post-thumbnail","hentry","category-minuto-a-minuto","category-zona-blanca","tag-poder-judicial-de-oaxaca"],"jetpack_featured_media_url":"https:\/\/zonaroja.com.mx\/wp-content\/uploads\/2021\/06\/01-conferencia-magistral-sobre-tortura.jpg","jetpack_sharing_enabled":true,"_links":{"self":[{"href":"https:\/\/zonaroja.com.mx\/index.php?rest_route=\/wp\/v2\/posts\/29118","targetHints":{"allow":["GET"]}}],"collection":[{"href":"https:\/\/zonaroja.com.mx\/index.php?rest_route=\/wp\/v2\/posts"}],"about":[{"href":"https:\/\/zonaroja.com.mx\/index.php?rest_route=\/wp\/v2\/types\/post"}],"author":[{"embeddable":true,"href":"https:\/\/zonaroja.com.mx\/index.php?rest_route=\/wp\/v2\/users\/2"}],"replies":[{"embeddable":true,"href":"https:\/\/zonaroja.com.mx\/index.php?rest_route=%2Fwp%2Fv2%2Fcomments&post=29118"}],"version-history":[{"count":1,"href":"https:\/\/zonaroja.com.mx\/index.php?rest_route=\/wp\/v2\/posts\/29118\/revisions"}],"predecessor-version":[{"id":29120,"href":"https:\/\/zonaroja.com.mx\/index.php?rest_route=\/wp\/v2\/posts\/29118\/revisions\/29120"}],"wp:featuredmedia":[{"embeddable":true,"href":"https:\/\/zonaroja.com.mx\/index.php?rest_route=\/wp\/v2\/media\/29119"}],"wp:attachment":[{"href":"https:\/\/zonaroja.com.mx\/index.php?rest_route=%2Fwp%2Fv2%2Fmedia&parent=29118"}],"wp:term":[{"taxonomy":"category","embeddable":true,"href":"https:\/\/zonaroja.com.mx\/index.php?rest_route=%2Fwp%2Fv2%2Fcategories&post=29118"},{"taxonomy":"post_tag","embeddable":true,"href":"https:\/\/zonaroja.com.mx\/index.php?rest_route=%2Fwp%2Fv2%2Ftags&post=29118"}],"curies":[{"name":"wp","href":"https:\/\/api.w.org\/{rel}","templated":true}]}}