{"id":2912,"date":"2019-08-08T08:12:04","date_gmt":"2019-08-08T13:12:04","guid":{"rendered":"http:\/\/www.zonaroja.com.mx\/?p=2912"},"modified":"2019-08-08T08:12:06","modified_gmt":"2019-08-08T13:12:06","slug":"otro-asalto-a-oxxo-en-oaxaca-ahora-si-hubo-detenido-en-flagrancia","status":"publish","type":"post","link":"https:\/\/zonaroja.com.mx\/?p=2912","title":{"rendered":"\u00a1Otro asalto a Oxxo en Oaxaca!; ahora s\u00ed hubo detenido en flagrancia"},"content":{"rendered":"\n<p>Redacci\u00f3n\/Zona\nRoja.<\/p>\n\n\n\n<p>Oaxaca de\nJu\u00e1rez, Oax., 8 de agosto de 2019.- Un en\u00e9simo asalto ocurri\u00f3 a una tienda Oxxo\nen la entidad oaxaque\u00f1a, aunque en esta ocasi\u00f3n elementos de la Polic\u00eda\nMunicipal de Oaxaca de Ju\u00e1rez lograron detener al probable responsable.<\/p>\n\n\n\n<p>Los hechos ocurrieron la tarde del domingo 4 de agosto, cuando el sujeto ingres\u00f3 al establecimiento ubicado a un costado de la carretera Internacional 190, en jurisdicci\u00f3n de la agencia de Pueblo Nuevo, y con un cuchillo amenaz\u00f3 a la empleada, quien le tuvo que dar el dinero de las dos cajas.<\/p>\n\n\n\n<p>No obstante,\nlos polic\u00edas municipales, que tienen una caseta de vigilancia en la zona,\nfueron alertados por lo cual iniciaron la persecuci\u00f3n y capturaron a quien fue\nidentificado como V. R. S.<\/p>\n\n\n\n<p>En un\ncomunicado, la Fiscal\u00eda General del Estado se atribuy\u00f3 la detenci\u00f3n e inform\u00f3\nque el individuo fue presentado ante el Juez de Control de Valles Centrales como\nprobable responsable del delito de asalto agravado, de acuerdo con la causa\npenal 575\/2019.<\/p>\n\n\n\n<p>Indic\u00f3 que en\naudiencia, el imputado se acogi\u00f3 al t\u00e9rmino constitucional y su situaci\u00f3n\njur\u00eddica se resolver\u00e1 el pr\u00f3ximo 9 de agosto.<\/p>\n\n\n\n<p>VINCULADO A\nPROCESO<\/p>\n\n\n\n<p>Por otro\nlado, la Fiscal\u00eda tambi\u00e9n dio a conocer que fue vinculado a proceso el sujeto\nque de acuerdo con videos que circularon en redes sociales, ha cometido\ndiversos asaltos a negocios de la ciudad de Oaxaca.<\/p>\n\n\n\n<p>Se trata de E. F. C., probable responsable del delito de robo calificado con violencia moral a las personas; fue detenido dos d\u00edas antes por la Polic\u00eda Municipal de Oaxaca de Ju\u00e1rez pero la instituci\u00f3n de procuraci\u00f3n de justicia dijo que lo aprehendi\u00f3 el 2 de agosto en Reyes Mantec\u00f3n, San Bartolo Coyotepec, sin explicar que le aplic\u00f3 una orden al salir de Ciudad Judicial.<\/p>\n\n\n\n<p>De acuerdo con la causa penal 564\/2019, el pasado 31 de julio de 2019, E. F. C. ingres\u00f3 a un negocio de bolsas de piel y textil ubicado en c\u00e9ntricas calles de la ciudad y amenazando con un arma punzocortante (cuchillo) a la empleada, sustrajo el dinero de la caja registradora. Sin embargo, fue videograbado por c\u00e1maras de seguridad del negocio y exhibido en las redes sociales.<\/p>\n\n\n\n<p>Adem\u00e1s de\ncometer este hecho, al probable responsable se le imputan diversos delitos\nasentados dentro de las carpetas de investigaci\u00f3n 1747\/DF\/ZC\/2017,\n8533\/OAXACA\/2018, 6676\/FVCE\/OAXACA\/2019, 4033\/FVCE\/OAXACA\/2019 y\n7496\/FVCE\/OAXACA\/2019.<\/p>\n\n\n\n<p>En audiencia\nrealizada este 7 de agosto, el Juez de Control dict\u00f3 auto de vinculaci\u00f3n a\nproceso, con la medida de prisi\u00f3n preventiva y un periodo de seis meses para el\ncierre de investigaci\u00f3n.<\/p>\n","protected":false},"excerpt":{"rendered":"<p>Redacci\u00f3n\/Zona Roja. Oaxaca de Ju\u00e1rez, Oax., 8 de agosto de 2019.- Un en\u00e9simo asalto ocurri\u00f3&hellip;<\/p>\n","protected":false},"author":2,"featured_media":2780,"comment_status":"closed","ping_status":"open","sticky":false,"template":"","format":"standard","meta":{"_lmt_disableupdate":"","_lmt_disable":"","_jetpack_memberships_contains_paid_content":false,"footnotes":""},"categories":[109,51],"tags":[505],"class_list":["post-2912","post","type-post","status-publish","format-standard","has-post-thumbnail","hentry","category-minuto-a-minuto","category-zona-roja","tag-asalto-a-tienda-oxxo-oaxaca"],"jetpack_featured_media_url":"https:\/\/zonaroja.com.mx\/wp-content\/uploads\/2019\/08\/eZy-Watermark_02-08-2019_09-35-52p.-m..jpg","jetpack_sharing_enabled":true,"_links":{"self":[{"href":"https:\/\/zonaroja.com.mx\/index.php?rest_route=\/wp\/v2\/posts\/2912","targetHints":{"allow":["GET"]}}],"collection":[{"href":"https:\/\/zonaroja.com.mx\/index.php?rest_route=\/wp\/v2\/posts"}],"about":[{"href":"https:\/\/zonaroja.com.mx\/index.php?rest_route=\/wp\/v2\/types\/post"}],"author":[{"embeddable":true,"href":"https:\/\/zonaroja.com.mx\/index.php?rest_route=\/wp\/v2\/users\/2"}],"replies":[{"embeddable":true,"href":"https:\/\/zonaroja.com.mx\/index.php?rest_route=%2Fwp%2Fv2%2Fcomments&post=2912"}],"version-history":[{"count":1,"href":"https:\/\/zonaroja.com.mx\/index.php?rest_route=\/wp\/v2\/posts\/2912\/revisions"}],"predecessor-version":[{"id":2913,"href":"https:\/\/zonaroja.com.mx\/index.php?rest_route=\/wp\/v2\/posts\/2912\/revisions\/2913"}],"wp:featuredmedia":[{"embeddable":true,"href":"https:\/\/zonaroja.com.mx\/index.php?rest_route=\/wp\/v2\/media\/2780"}],"wp:attachment":[{"href":"https:\/\/zonaroja.com.mx\/index.php?rest_route=%2Fwp%2Fv2%2Fmedia&parent=2912"}],"wp:term":[{"taxonomy":"category","embeddable":true,"href":"https:\/\/zonaroja.com.mx\/index.php?rest_route=%2Fwp%2Fv2%2Fcategories&post=2912"},{"taxonomy":"post_tag","embeddable":true,"href":"https:\/\/zonaroja.com.mx\/index.php?rest_route=%2Fwp%2Fv2%2Ftags&post=2912"}],"curies":[{"name":"wp","href":"https:\/\/api.w.org\/{rel}","templated":true}]}}