{"id":29121,"date":"2021-06-29T08:20:11","date_gmt":"2021-06-29T13:20:11","guid":{"rendered":"http:\/\/www.zonaroja.com.mx\/?p=29121"},"modified":"2021-06-29T08:21:26","modified_gmt":"2021-06-29T13:21:26","slug":"un-tercer-sindicato-de-la-uabjo-se-suma-a-ola-de-paros","status":"publish","type":"post","link":"https:\/\/zonaroja.com.mx\/?p=29121","title":{"rendered":"Un tercer sindicato de la UABJO se suma a ola de paros"},"content":{"rendered":"\n<p>Ismael Garc\u00eda M.\/Zona Roja.<\/p>\n\n\n\n<p>Oaxaca de Ju\u00e1rez, Oax., 29 de junio de 2021.- Tras las protestas iniciadas ayer por el STAUO y por el SUA, el STEUABJO anunci\u00f3 un paro de labores para ma\u00f1ana mi\u00e9rcoles, a partir de las 08:00 horas.<\/p>\n\n\n\n<p>Lo anterior, \u201cante el incumplimiento por parte del Gobierno del Estado y la Universidad Aut\u00f3noma \u2018Benito Ju\u00e1rez\u2019 de Oaxaca\u201d, difundi\u00f3 la dirigencia del Sindicato de Trabajadores y Empleados, que encabeza Ariel Luj\u00e1n P\u00e9rez.<\/p>\n\n\n\n<p>Al igual que el Sindicato Universitario de Acad\u00e9micos, el Sindicato de Trabajadores de la Universidad de Oaxaca &#8211;que cerraron ayer instalaciones universitarias&#8211; argument\u00f3 incumplimiento de asuntos laborales.<\/p>\n\n\n\n<p>El rector de la UABJO, Eduardo Bautista Mart\u00ednez, reconoci\u00f3 que est\u00e1 pendiente la entrega de cuotas sindicales pero que no se ha podido concretar porque no se han resuelto juicios de amparo que han promovido expresiones sindicales.<\/p>\n\n\n\n<p>Tambi\u00e9n pendiente el pago del dos por ciento de apoyo del Gobierno del Estado y reasignaci\u00f3n de clases a docentes en algunas unidades acad\u00e9micas, pero que se est\u00e1 en tiempos acordados para dar cumplimiento.<\/p>\n\n\n\n<p>\u201cConsidero que eso no amerita una posici\u00f3n por parte de quienes est\u00e1n \u2018tomando\u2019 nuestras instalaciones universitarias para un paro indefinido; adem\u00e1s, por lo que escuch\u00e9 en la ma\u00f1ana, la postura del vocero no es clara, es muy ambigua, confusa.<\/p>\n\n\n\n<p>\u201cPorque los temas laborales no deben revolverse con temas pol\u00edticos, creo que es muy v\u00e1lido hablar de temas pol\u00edticos, eso es leg\u00edtimo; tenemos pendiente el proceso de sucesi\u00f3n, pero es importante hacerlo con claridad, con puntualidad y de manera civilizada.<\/p>\n\n\n\n<p>\u201cPorque si el asunto es pol\u00edtico, relativo a la continuidad de la sucesi\u00f3n, que un servidor anticip\u00f3 desde la semana pasada, el 21 de junio, en que emit\u00ed un posicionamiento p\u00fablico para llamar a las instancias a retomar el proceso electoral, entonces ha sido muy clara la ruta marcada por la rector\u00eda\u201d, dijo en entrevista con Humberto Cruz en Radio ORO.<\/p>\n\n\n\n<p>Agreg\u00f3 que no le ve sentido generar acciones de desestabilizaci\u00f3n para provocar una salida; \u201cadem\u00e1s, a los sindicatos no les corresponde la actividad pol\u00edtica, eso corresponde a nuestro m\u00e1ximo \u00f3rgano de autoridad, el Consejo Universitario, es donde se debe establecer la ruta de la sucesi\u00f3n.<\/p>\n\n\n\n<p>\u201cLos sindicatos pueden gritar, dar sombrerazos, estar con sus descalificaciones, sus \u2018tomas\u2019, pero esa no es la ruta; si la ruta es pol\u00edtica, que se encause por la v\u00eda pol\u00edtica; si la ruta es laboral, de la misma manera\u201d, puntualiz\u00f3 Bautista Mart\u00ednez.<\/p>\n\n\n\n<p>Este martes contin\u00faa la toma de instalaciones de la UABJO, principalmente Ciudad Universitaria y por lo pronto, cerraron la avenida Universidad.<\/p>\n","protected":false},"excerpt":{"rendered":"<p>Ismael Garc\u00eda M.\/Zona Roja. Oaxaca de Ju\u00e1rez, Oax., 29 de junio de 2021.- Tras las&hellip;<\/p>\n","protected":false},"author":2,"featured_media":29122,"comment_status":"closed","ping_status":"open","sticky":false,"template":"","format":"standard","meta":{"_lmt_disableupdate":"","_lmt_disable":"","_jetpack_memberships_contains_paid_content":false,"footnotes":""},"categories":[109,47],"tags":[360],"class_list":["post-29121","post","type-post","status-publish","format-standard","has-post-thumbnail","hentry","category-minuto-a-minuto","category-zona-gris","tag-rector-eduardo-bautista-martinez"],"jetpack_featured_media_url":"https:\/\/zonaroja.com.mx\/wp-content\/uploads\/2021\/06\/UABJO-toma-sindicatos.jpg","jetpack_sharing_enabled":true,"_links":{"self":[{"href":"https:\/\/zonaroja.com.mx\/index.php?rest_route=\/wp\/v2\/posts\/29121","targetHints":{"allow":["GET"]}}],"collection":[{"href":"https:\/\/zonaroja.com.mx\/index.php?rest_route=\/wp\/v2\/posts"}],"about":[{"href":"https:\/\/zonaroja.com.mx\/index.php?rest_route=\/wp\/v2\/types\/post"}],"author":[{"embeddable":true,"href":"https:\/\/zonaroja.com.mx\/index.php?rest_route=\/wp\/v2\/users\/2"}],"replies":[{"embeddable":true,"href":"https:\/\/zonaroja.com.mx\/index.php?rest_route=%2Fwp%2Fv2%2Fcomments&post=29121"}],"version-history":[{"count":2,"href":"https:\/\/zonaroja.com.mx\/index.php?rest_route=\/wp\/v2\/posts\/29121\/revisions"}],"predecessor-version":[{"id":29124,"href":"https:\/\/zonaroja.com.mx\/index.php?rest_route=\/wp\/v2\/posts\/29121\/revisions\/29124"}],"wp:featuredmedia":[{"embeddable":true,"href":"https:\/\/zonaroja.com.mx\/index.php?rest_route=\/wp\/v2\/media\/29122"}],"wp:attachment":[{"href":"https:\/\/zonaroja.com.mx\/index.php?rest_route=%2Fwp%2Fv2%2Fmedia&parent=29121"}],"wp:term":[{"taxonomy":"category","embeddable":true,"href":"https:\/\/zonaroja.com.mx\/index.php?rest_route=%2Fwp%2Fv2%2Fcategories&post=29121"},{"taxonomy":"post_tag","embeddable":true,"href":"https:\/\/zonaroja.com.mx\/index.php?rest_route=%2Fwp%2Fv2%2Ftags&post=29121"}],"curies":[{"name":"wp","href":"https:\/\/api.w.org\/{rel}","templated":true}]}}