{"id":29125,"date":"2021-06-29T10:07:45","date_gmt":"2021-06-29T15:07:45","guid":{"rendered":"http:\/\/www.zonaroja.com.mx\/?p=29125"},"modified":"2021-06-29T10:07:47","modified_gmt":"2021-06-29T15:07:47","slug":"exige-seccion-22-del-snte-justicia-por-profesores-asesinados-en-oaxaca","status":"publish","type":"post","link":"https:\/\/zonaroja.com.mx\/?p=29125","title":{"rendered":"Exige Secci\u00f3n 22 del SNTE justicia por profesores asesinados en Oaxaca"},"content":{"rendered":"\n<p>Redacci\u00f3n\/Zona Roja.<\/p>\n\n\n\n<p>Oaxaca de Ju\u00e1rez, Oax., 29 de junio de 2021.- La Secci\u00f3n 22 del Sindicato Nacional de Trabajadores de la Educaci\u00f3n (SNTE) exigi\u00f3 justicia por el asesinato de dos profesores, que formaban matrimonio, en la regi\u00f3n Mixteca de Oaxaca.<\/p>\n\n\n\n<p>El homicidio y probable feminicidio se registr\u00f3 ayer en inmediaciones de La Lagunilla, entre el municipio de Constancia del Rosario y Santiago Juxtlahuaca.<\/p>\n\n\n\n<p>En el interior de una camioneta fueron hallados los cuerpos de los maestros Oliverio Mart\u00ednez Merino y su esposa Flor de Jes\u00fas Hern\u00e1ndez.<\/p>\n\n\n\n<p>\u201cNuestros compa\u00f1eros eran integrantes activos de la Delegaci\u00f3n Sindical D-I-153 del Llano del Nopal, del Sector 03 de Putla, de la regi\u00f3n de la Costa. Adem\u00e1s, eran miembros del colectivo docente de la Zona Escolar 017 perteneciente a la Jefatura N\u00famero 10 de Putla Villa de Guerrero del Nivel de Educaci\u00f3n Ind\u00edgena\u201d, precis\u00f3 la gremial.<\/p>\n\n\n\n<p>\u201cExigimos a las autoridades principalmente a la Fiscal\u00eda General del Estado de Oaxaca la investigaci\u00f3n inmediata de los hechos que enlutan nuevamente las filas del magisterio oaxaque\u00f1o.<\/p>\n\n\n\n<p>\u201cNos unimos al clamor de justicia para nuestros compa\u00f1eros y que este doble asesinato no quede en la impunidad ni sirva para engrosar las cifras de muertes de docentes que siguen en los archivos sin esclarecimiento\u201d, recalc\u00f3 en un comunicado.<\/p>\n\n\n\n<p>\u201c\u00a1Justicia para nuestros compa\u00f1eros asesinados! \u00a1Libertad inmediata a los presos pol\u00edticos y de conciencia! \u00a1Justicia para nuestros compa\u00f1eros ca\u00eddos en Nochixtl\u00e1n! \u00a1Rechazo total a las reformas neoliberales! \u00a1Alto al terrorismo de Estado! \u00a1Alto a la criminalizaci\u00f3n de la protesta social!\u201d, difundi\u00f3 anoche la Secci\u00f3n 22.<\/p>\n\n\n\n<p>Los dos docentes eran militantes del Movimiento de Unificaci\u00f3n y Lucha Triqui (MULT), organizaci\u00f3n que tambi\u00e9n demanda justicia y anunci\u00f3 una movilizaci\u00f3n para el pr\u00f3ximo 5 de julio.<\/p>\n","protected":false},"excerpt":{"rendered":"<p>Redacci\u00f3n\/Zona Roja. Oaxaca de Ju\u00e1rez, Oax., 29 de junio de 2021.- La Secci\u00f3n 22 del&hellip;<\/p>\n","protected":false},"author":2,"featured_media":29126,"comment_status":"closed","ping_status":"open","sticky":false,"template":"","format":"standard","meta":{"_lmt_disableupdate":"","_lmt_disable":"","_jetpack_memberships_contains_paid_content":false,"footnotes":""},"categories":[109,47],"tags":[732],"class_list":["post-29125","post","type-post","status-publish","format-standard","has-post-thumbnail","hentry","category-minuto-a-minuto","category-zona-gris","tag-movimiento-de-unificacion-y-lucha-triqui"],"jetpack_featured_media_url":"https:\/\/zonaroja.com.mx\/wp-content\/uploads\/2021\/06\/Profesores-asesinados-MULT.jpg","jetpack_sharing_enabled":true,"_links":{"self":[{"href":"https:\/\/zonaroja.com.mx\/index.php?rest_route=\/wp\/v2\/posts\/29125","targetHints":{"allow":["GET"]}}],"collection":[{"href":"https:\/\/zonaroja.com.mx\/index.php?rest_route=\/wp\/v2\/posts"}],"about":[{"href":"https:\/\/zonaroja.com.mx\/index.php?rest_route=\/wp\/v2\/types\/post"}],"author":[{"embeddable":true,"href":"https:\/\/zonaroja.com.mx\/index.php?rest_route=\/wp\/v2\/users\/2"}],"replies":[{"embeddable":true,"href":"https:\/\/zonaroja.com.mx\/index.php?rest_route=%2Fwp%2Fv2%2Fcomments&post=29125"}],"version-history":[{"count":1,"href":"https:\/\/zonaroja.com.mx\/index.php?rest_route=\/wp\/v2\/posts\/29125\/revisions"}],"predecessor-version":[{"id":29127,"href":"https:\/\/zonaroja.com.mx\/index.php?rest_route=\/wp\/v2\/posts\/29125\/revisions\/29127"}],"wp:featuredmedia":[{"embeddable":true,"href":"https:\/\/zonaroja.com.mx\/index.php?rest_route=\/wp\/v2\/media\/29126"}],"wp:attachment":[{"href":"https:\/\/zonaroja.com.mx\/index.php?rest_route=%2Fwp%2Fv2%2Fmedia&parent=29125"}],"wp:term":[{"taxonomy":"category","embeddable":true,"href":"https:\/\/zonaroja.com.mx\/index.php?rest_route=%2Fwp%2Fv2%2Fcategories&post=29125"},{"taxonomy":"post_tag","embeddable":true,"href":"https:\/\/zonaroja.com.mx\/index.php?rest_route=%2Fwp%2Fv2%2Ftags&post=29125"}],"curies":[{"name":"wp","href":"https:\/\/api.w.org\/{rel}","templated":true}]}}