{"id":29132,"date":"2021-06-29T12:45:18","date_gmt":"2021-06-29T17:45:18","guid":{"rendered":"https:\/\/www.zonaroja.com.mx\/?p=29132"},"modified":"2021-06-29T19:21:25","modified_gmt":"2021-06-30T00:21:25","slug":"ejecutan-mando-una-investigacion-de-la-fiscalia-general-de-oaxaca","status":"publish","type":"post","link":"https:\/\/zonaroja.com.mx\/?p=29132","title":{"rendered":"Ejecutan mando una investigaci\u00f3n de la Fiscal\u00eda General de Oaxaca"},"content":{"rendered":"\n<p>Ismael Garc\u00eda M.\/Zona Roja. <\/p>\n\n\n\n<p>San Antonio de la Cal, Oax., 29 de junio de 2021.- Omar Sabino Chapetla Jim\u00e9nez, director de Investigaciones de la Agencia Estatal de Investigaciones (AEI), dependiente de la Fiscal\u00eda General del Estado de Oaxaca, fue ejecutado a balazos este martes.<\/p>\n\n\n\n<p>El crimen se perpetr\u00f3 alrededor de las 10:30 horas, sobre la riberas del r\u00edo \u201cSalado\u201d, cerca del puente de acceso a San Antonio de la Cal, municipio conurbado por la zona sur de la ciudad de Oaxaca.<\/p>\n\n\n\n<p>El mando policiaco fue alcanzado presuntamente por sujetos a bordo de una motocicleta, quienes le dispararon en forma directa, mientras se transportaba en una camioneta color blanca, marca Nissan, sin placas de circulaci\u00f3n. <\/p>\n\n\n\n<p>El cuerpo qued\u00f3 en el interior de la unidad de motor; de manera preliminar se habl\u00f3 de que viajaba junto con un escolta, lo cual no ha sido confirmado ni descartado por la Fiscal\u00eda General.<\/p>\n\n\n\n<figure class=\"wp-block-embed-twitter wp-block-embed is-type-rich is-provider-twitter\"><div class=\"wp-block-embed__wrapper\">\n<div class=\"twitter-tweet\"><blockquote class=\"twitter-tweet\" data-lang=\"es\"><p lang=\"es\" dir=\"ltr\"><a href=\"https:\/\/twitter.com\/hashtag\/%C3%9AltimoMinuto?src=hash&amp;ref_src=twsrc%5Etfw\">#\u00daltimoMinuto<\/a> <br>Confirman que el ejecutado en San Antonio de la Cal, <a href=\"https:\/\/twitter.com\/hashtag\/Oaxaca?src=hash&amp;ref_src=twsrc%5Etfw\">#Oaxaca<\/a>, es Omar Sabino Chepetla, director de Investigaciones de la Agencia Estatal de Investigaciones (<a href=\"https:\/\/twitter.com\/AEI_Oaxaca?ref_src=twsrc%5Etfw\">@AEI_Oaxaca<\/a>), de la <a href=\"https:\/\/twitter.com\/FISCALIA_GobOax?ref_src=twsrc%5Etfw\">@FISCALIA_GobOax<\/a> <a href=\"https:\/\/t.co\/gH5cmNljw5\">pic.twitter.com\/gH5cmNljw5<\/a><\/p>&mdash; Zona Roja Oaxaca (@Zona_Roja_Oax) <a href=\"https:\/\/twitter.com\/Zona_Roja_Oax\/status\/1409920080922693635?ref_src=twsrc%5Etfw\">29 de junio de 2021<\/a><\/blockquote><\/div>\n<\/div><\/figure>\n\n\n\n<p>El director de Investigaciones de la corporaci\u00f3n ha sido se\u00f1alado recurrentemente por sus propios compa\u00f1eros, de tener presuntos lazos con la delincuencia organizada.<\/p>\n\n\n\n<p>A trav\u00e9s de un comunicado, la Fiscal\u00eda confirm\u00f3 el hecho y dijo que era Licenciado en Administraci\u00f3n de Empresas y fungi\u00f3 como elemento de la Polic\u00eda Federal durante 29 a\u00f1os. <\/p>\n\n\n\n<p>En Oaxaca, caus\u00f3 alta en la AEI en septiembre de 2019, desempe\u00f1ando el cargo de subdirector y posteriormente Director de Investigaciones, cargo que desempe\u00f1\u00f3 hasta el momento de su fallecimiento. <br><\/p>\n\n\n\n<p>\u201cLa Fiscal\u00eda General expresa que bajo ning\u00fan motivo y por ninguna circunstancia dejar\u00e1 de aplicar la Ley con firmeza y sin distingo contra quienes resulten responsables de este crimen\u201d.<\/p>\n","protected":false},"excerpt":{"rendered":"<p>Ismael Garc\u00eda M.\/Zona Roja. San Antonio de la Cal, Oax., 29 de junio de 2021.-&hellip;<\/p>\n","protected":false},"author":2,"featured_media":29131,"comment_status":"closed","ping_status":"open","sticky":false,"template":"","format":"standard","meta":{"_lmt_disableupdate":"","_lmt_disable":"","_jetpack_memberships_contains_paid_content":false,"footnotes":""},"categories":[109,51],"tags":[],"class_list":["post-29132","post","type-post","status-publish","format-standard","has-post-thumbnail","hentry","category-minuto-a-minuto","category-zona-roja"],"jetpack_featured_media_url":"https:\/\/zonaroja.com.mx\/wp-content\/uploads\/2021\/06\/d192de1d-ca4f-4f1e-ac43-36735afef6cb.jpg","jetpack_sharing_enabled":true,"_links":{"self":[{"href":"https:\/\/zonaroja.com.mx\/index.php?rest_route=\/wp\/v2\/posts\/29132","targetHints":{"allow":["GET"]}}],"collection":[{"href":"https:\/\/zonaroja.com.mx\/index.php?rest_route=\/wp\/v2\/posts"}],"about":[{"href":"https:\/\/zonaroja.com.mx\/index.php?rest_route=\/wp\/v2\/types\/post"}],"author":[{"embeddable":true,"href":"https:\/\/zonaroja.com.mx\/index.php?rest_route=\/wp\/v2\/users\/2"}],"replies":[{"embeddable":true,"href":"https:\/\/zonaroja.com.mx\/index.php?rest_route=%2Fwp%2Fv2%2Fcomments&post=29132"}],"version-history":[{"count":2,"href":"https:\/\/zonaroja.com.mx\/index.php?rest_route=\/wp\/v2\/posts\/29132\/revisions"}],"predecessor-version":[{"id":29144,"href":"https:\/\/zonaroja.com.mx\/index.php?rest_route=\/wp\/v2\/posts\/29132\/revisions\/29144"}],"wp:featuredmedia":[{"embeddable":true,"href":"https:\/\/zonaroja.com.mx\/index.php?rest_route=\/wp\/v2\/media\/29131"}],"wp:attachment":[{"href":"https:\/\/zonaroja.com.mx\/index.php?rest_route=%2Fwp%2Fv2%2Fmedia&parent=29132"}],"wp:term":[{"taxonomy":"category","embeddable":true,"href":"https:\/\/zonaroja.com.mx\/index.php?rest_route=%2Fwp%2Fv2%2Fcategories&post=29132"},{"taxonomy":"post_tag","embeddable":true,"href":"https:\/\/zonaroja.com.mx\/index.php?rest_route=%2Fwp%2Fv2%2Ftags&post=29132"}],"curies":[{"name":"wp","href":"https:\/\/api.w.org\/{rel}","templated":true}]}}