{"id":29135,"date":"2021-06-29T15:54:38","date_gmt":"2021-06-29T20:54:38","guid":{"rendered":"https:\/\/www.zonaroja.com.mx\/?p=29135"},"modified":"2021-06-29T15:59:37","modified_gmt":"2021-06-29T20:59:37","slug":"29135","status":"publish","type":"post","link":"https:\/\/zonaroja.com.mx\/?p=29135","title":{"rendered":"Mezcaleros desquician Oaxaca capital y aeropuerto; Segego los ignora"},"content":{"rendered":"\n<p class=\"MsoNormal\">Evlin Arag\u00f3n\/Zona Roja.&nbsp;<\/p>\n\n\n\n<p class=\"MsoNormal\">Oaxaca de Ju\u00e1rez, Oax., 29 de junio de 2021.- Ignorados por la Secretar\u00eda General de Gobierno (Segego) y el gobierno federal, mezcaleros de distintas comunidades desquician la capital de Oaxaca y los accesos al aeropuerto internacional. <\/p>\n\n\n\n<p class=\"MsoNormal\">\u201cLos magueyeros de Soledad Salinas exigimos el reconocimiento de Abelino como nuestro presidente\u201d.&nbsp;<\/p>\n\n\n\n<p class=\"MsoNormal\">\u201cTatiana Clouthier, por apoyar a tus amigos, el conflicto se est\u00e1 agravando. Exigimos reconocimiento de nuestra asamblea a la cual asistimos 850 socios\u201d.&nbsp;&nbsp;<\/p>\n\n\n\n<p class=\"MsoNormal\">Son parte de las consignas que se exhiben&nbsp;este martes&nbsp;en la movilizaci\u00f3n que realizaron en la capital oaxaque\u00f1a, decenas de mezcaleras y mezcaleros provenientes del interior del estado en exigencia del reconocimiento de Abelino Cohetero Villegas como dirigente del Consejo Mexicano Regulador de la Calidad del Mezcal (Comercam).&nbsp;<\/p>\n\n\n\n<p class=\"MsoNormal\">Desde temprana hora y teniendo como punto de reuni\u00f3n la explanada del templo de Santo Domingo, la comunidad mezcalera march\u00f3 por las principales calles del Centro Hist\u00f3rico para desconocer a Juanito Mart\u00ednez Santiago como presidente del Comercam a quien se\u00f1alaron de ser t\u00edtere de Hip\u00f3crates Nolasco.&nbsp;&nbsp;<\/p>\n\n\n\n<p class=\"MsoNormal\">As\u00ed mismo, para exigir que el gobierno saque las manos del sector mezcalero, toda vez que no hace m\u00e1s que agravar la problem\u00e1tica que se vive en estos momentos; al igual que solicitaron a la secretaria de Econom\u00eda a nivel federal, Tatiana Clouthier, que respete los acuerdos tomados en asamblea.&nbsp;&nbsp;<\/p>\n\n\n\n<p class=\"MsoNormal\">\u201cTatiana Clouthier, los mezcaleros te repudiamos\u201d, \u201cExigimos al fiscal que no haga tortuguismo con la denuncia por el robo del Comercamhh\u201d, y \u201cExigimos reconocimiento de nuestra mesa directiva. Todos con Abelino\u201d, fueron otras de las consignas expuestas en sus cartulinas.&nbsp;&nbsp;<\/p>\n\n\n\n<p class=\"MsoNormal\">De acuerdo con Cristal Santiago Andrade,&nbsp;este martes&nbsp;se resolver\u00e1 la controversia en la Ciudad de M\u00e9xico, de ah\u00ed que decidieron salir a las calles para exigir que su demanda principal de reconocimiento de Abelino Cohetero sea escuchada, a fin de terminar de una vez por todas con el mal legado de Hip\u00f3crates Nolasco, quien se reeligi\u00f3 tres ocasiones en el cargo.&nbsp;&nbsp;<\/p>\n\n\n\n<p class=\"MsoNormal\">Explic\u00f3 que Secretar\u00eda de Econom\u00eda ha estado d\u00e1ndoles largas a su petici\u00f3n, en clara preferencia con Juanito Mart\u00ednez Santiago, electo por un grupo de 40 personas como representante de la Comercam y en una asamblea que careci\u00f3 de todo tipo de legalidad.&nbsp;&nbsp;<\/p>\n\n\n\n<p class=\"MsoNormal\">\u201cYa estamos hartos, hemos querido trabajar y ellos no nos dejan. Han estado mandado circulares a las aduanas y no dejan que nosotros saquemos nuestro producto, a pesar que Secretar\u00eda de Econom\u00eda dijo que s\u00ed podemos y nuestros certificados valen\u201d, indic\u00f3.&nbsp;&nbsp;<\/p>\n\n\n\n<p class=\"MsoNormal\">Finalmente, Santiago Andrade se dijo temerosa del actuar de Hip\u00f3crates Nolasco toda vez que se sabe env\u00eda grupos de choque a quienes no est\u00e1n de su lado, de ah\u00ed que temen por su seguridad.&nbsp;&nbsp;<\/p>\n\n\n\n<p class=\"MsoNormal\">Despu\u00e9s de llegar al z\u00f3calo de la capital, marcharon a la sede del Servicio d\u00e9 Administraci\u00f3n Tributaria (SAT), donde ingresaron.&nbsp;<\/p>\n\n\n\n<p class=\"MsoNormal\">Tras ello, alrededor del medio d\u00eda, hicieron presencia a las afuera de Casa Oficial, donde bloquearon las vialidades como parte de protesta y tiraron bagazo.&nbsp;<\/p>\n\n\n\n<p class=\"MsoNormal\">Luego de ah\u00ed se apoderaron de camiones de pasajeros, con los cuales se trasladaron al crucero del aeropuerto, sobre la v\u00eda federal 190, donde bloquean. En ning\u00fan momento han hallado respuesta del gobierno. <\/p>\n","protected":false},"excerpt":{"rendered":"<p>Evlin Arag\u00f3n\/Zona Roja.&nbsp; Oaxaca de Ju\u00e1rez, Oax., 29 de junio de 2021.- Ignorados por la&hellip;<\/p>\n","protected":false},"author":2,"featured_media":29134,"comment_status":"closed","ping_status":"open","sticky":false,"template":"","format":"standard","meta":{"_lmt_disableupdate":"","_lmt_disable":"","_jetpack_memberships_contains_paid_content":false,"footnotes":""},"categories":[109,47],"tags":[],"class_list":["post-29135","post","type-post","status-publish","format-standard","has-post-thumbnail","hentry","category-minuto-a-minuto","category-zona-gris"],"jetpack_featured_media_url":"https:\/\/zonaroja.com.mx\/wp-content\/uploads\/2021\/06\/73f83885-39be-4de0-b95e-6e3f3478f5b5.jpg","jetpack_sharing_enabled":true,"_links":{"self":[{"href":"https:\/\/zonaroja.com.mx\/index.php?rest_route=\/wp\/v2\/posts\/29135","targetHints":{"allow":["GET"]}}],"collection":[{"href":"https:\/\/zonaroja.com.mx\/index.php?rest_route=\/wp\/v2\/posts"}],"about":[{"href":"https:\/\/zonaroja.com.mx\/index.php?rest_route=\/wp\/v2\/types\/post"}],"author":[{"embeddable":true,"href":"https:\/\/zonaroja.com.mx\/index.php?rest_route=\/wp\/v2\/users\/2"}],"replies":[{"embeddable":true,"href":"https:\/\/zonaroja.com.mx\/index.php?rest_route=%2Fwp%2Fv2%2Fcomments&post=29135"}],"version-history":[{"count":2,"href":"https:\/\/zonaroja.com.mx\/index.php?rest_route=\/wp\/v2\/posts\/29135\/revisions"}],"predecessor-version":[{"id":29137,"href":"https:\/\/zonaroja.com.mx\/index.php?rest_route=\/wp\/v2\/posts\/29135\/revisions\/29137"}],"wp:featuredmedia":[{"embeddable":true,"href":"https:\/\/zonaroja.com.mx\/index.php?rest_route=\/wp\/v2\/media\/29134"}],"wp:attachment":[{"href":"https:\/\/zonaroja.com.mx\/index.php?rest_route=%2Fwp%2Fv2%2Fmedia&parent=29135"}],"wp:term":[{"taxonomy":"category","embeddable":true,"href":"https:\/\/zonaroja.com.mx\/index.php?rest_route=%2Fwp%2Fv2%2Fcategories&post=29135"},{"taxonomy":"post_tag","embeddable":true,"href":"https:\/\/zonaroja.com.mx\/index.php?rest_route=%2Fwp%2Fv2%2Ftags&post=29135"}],"curies":[{"name":"wp","href":"https:\/\/api.w.org\/{rel}","templated":true}]}}