{"id":29138,"date":"2021-06-29T17:43:01","date_gmt":"2021-06-29T22:43:01","guid":{"rendered":"http:\/\/www.zonaroja.com.mx\/?p=29138"},"modified":"2021-06-29T17:43:03","modified_gmt":"2021-06-29T22:43:03","slug":"que-busqueda-de-vera-hernandez-no-sea-teatro-circo-ni-simulacion","status":"publish","type":"post","link":"https:\/\/zonaroja.com.mx\/?p=29138","title":{"rendered":"Que b\u00fasqueda de Vera Hern\u00e1ndez \u201cno sea teatro, circo ni simulaci\u00f3n\u201d"},"content":{"rendered":"\n<p>Evlin Arag\u00f3n\/Zona Roja.<\/p>\n\n\n\n<p>Oaxaca de Ju\u00e1rez, Oax., 29 de junio de 2021.- \u201cDeseo que no se trate de un teatro, circo y simulaci\u00f3n m\u00e1s\u201d, son las palabras de Mar\u00eda Elena R\u00edos Ortiz, tras enterarse que la Fiscal\u00eda General del Estado de Oaxaca ofreci\u00f3 una recompensa de hasta un mill\u00f3n de pesos para dar con el paradero de Juan Antonio Vera Hern\u00e1ndez, quinto implicado en su agresi\u00f3n.&nbsp;<\/p>\n\n\n\n<p>La saxofonista oaxaque\u00f1a record\u00f3 que Juan Antonio tiene orden de aprehensi\u00f3n desde el 2019 e incluso fue visto por ella a finales del a\u00f1o pasado en la entidad oaxaque\u00f1a, situaci\u00f3n que hizo de conocimiento al ex fiscal Rub\u00e9n Vasconcelos M\u00e9ndez, quien decidi\u00f3 ignorar el dicho de la joven.&nbsp;<\/p>\n\n\n\n<p>Por ello asegur\u00f3 que la Fiscal\u00eda, hoy encabezada por Arturo Peimbert Calvo, ya no tiene derecho a fallar.<\/p>\n\n\n\n<figure class=\"wp-block-embed-twitter wp-block-embed is-type-rich is-provider-twitter\"><div class=\"wp-block-embed__wrapper\">\n<div class=\"twitter-tweet\"><blockquote class=\"twitter-tweet\" data-lang=\"es\"><p lang=\"es\" dir=\"ltr\">2\/2 Existen datos de prueba suficientes para detenerlo y sentenciarlo. Punto. <a href=\"https:\/\/twitter.com\/hashtag\/ElJuniorSigueLibre?src=hash&amp;ref_src=twsrc%5Etfw\">#ElJuniorSigueLibre<\/a> gracias a la asquerosa complicidad del ex fiscal <a href=\"https:\/\/twitter.com\/RVasconcelosM?ref_src=twsrc%5Etfw\">@RVasconcelosM<\/a> que por cierto t\u00fa tambi\u00e9n deber\u00edas de estar en la c\u00e1rcel&#8230; <a href=\"https:\/\/twitter.com\/hashtag\/corrupto?src=hash&amp;ref_src=twsrc%5Etfw\">#corrupto<\/a> <a href=\"https:\/\/twitter.com\/hashtag\/solapador?src=hash&amp;ref_src=twsrc%5Etfw\">#solapador<\/a> <a href=\"https:\/\/t.co\/7Zu3Wkn2RW\">pic.twitter.com\/7Zu3Wkn2RW<\/a><\/p>&mdash; Elena R\u00edos \ud83c\udf38 (@_ElenaRios) <a href=\"https:\/\/twitter.com\/_ElenaRios\/status\/1409682758197125120?ref_src=twsrc%5Etfw\">29 de junio de 2021<\/a><\/blockquote><\/div>\n<\/div><\/figure>\n\n\n\n<p>\u201cNo m\u00e1s teatros ni simulaciones, #ElJuniorSigueLibre. Desde el 2019 se liber\u00f3 la orden de aprehensi\u00f3n, mismo a\u00f1o del intento de feminicidio del que fui v\u00edctima. Las pruebas existen y son suficientes\u201d, public\u00f3 en sus redes sociales.&nbsp;<\/p>\n\n\n\n<p>La joven mixteca record\u00f3 que fue Juan Antonio, junto con su padre y otros tres presuntos criminales quienes ejecutaron el intento de feminicidio con \u00e1cido en su contra, con lo cual movieron su mundo 180 grados y le ocasionaron un da\u00f1o irreversible en todo su cuerpo.&nbsp;<\/p>\n\n\n\n<p>Por ello manifest\u00f3, el gobierno de Oaxaca, a trav\u00e9s de la Fiscal\u00eda, deben detenerlo y garantizar la reparaci\u00f3n del da\u00f1o integral para ella y toda su familia.<\/p>\n\n\n\n<p>Como lo ha hecho desde hace meses, insisti\u00f3 en que existen datos de prueba suficientes para detenerlo y sentenciarlo; adem\u00e1s, record\u00f3 que Juan Antonio esta libre gracias \u201ca la asquerosa complicidad\u201d del ex fiscal Rub\u00e9n Vasconcelos, para quien nuevamente pidi\u00f3 la c\u00e1rcel como castigo por corrupto y solapador.<\/p>\n\n\n\n<p>Apenas este lunes la Fiscal\u00eda de Oaxaca emiti\u00f3 la ficha roja de b\u00fasqueda y localizaci\u00f3n de Juan Antonio Vera Hern\u00e1ndez, como probable responsable del delito de tentativa de feminicidio, para lo cual destin\u00f3 una recompensa de hasta un mill\u00f3n de pesos.&nbsp;<\/p>\n\n\n\n<p>El hoy pr\u00f3fugo de la justicia es hijo del empresario y ex diputado local Juan Antonio V.C., quien fuera pareja sentimental de Mar\u00eda Elena R\u00edos y se entreg\u00f3 ante las autoridades en abril de 2020.&nbsp;<\/p>\n\n\n\n<p>La acci\u00f3n de la Fiscal\u00eda se da luego de una serie de entrevistas que la joven saxofonista dio a varios de los medios de informaci\u00f3n m\u00e1s importantes a nivel nacional.<\/p>\n","protected":false},"excerpt":{"rendered":"<p>Evlin Arag\u00f3n\/Zona Roja. Oaxaca de Ju\u00e1rez, Oax., 29 de junio de 2021.- \u201cDeseo que no&hellip;<\/p>\n","protected":false},"author":2,"featured_media":29139,"comment_status":"closed","ping_status":"open","sticky":false,"template":"","format":"standard","meta":{"_lmt_disableupdate":"","_lmt_disable":"","_jetpack_memberships_contains_paid_content":false,"footnotes":""},"categories":[109,47],"tags":[1124],"class_list":["post-29138","post","type-post","status-publish","format-standard","has-post-thumbnail","hentry","category-minuto-a-minuto","category-zona-gris","tag-maria-elena-rios-ortiz"],"jetpack_featured_media_url":"https:\/\/zonaroja.com.mx\/wp-content\/uploads\/2021\/06\/Maria-Elena-Rios-O-1.jpg","jetpack_sharing_enabled":true,"_links":{"self":[{"href":"https:\/\/zonaroja.com.mx\/index.php?rest_route=\/wp\/v2\/posts\/29138","targetHints":{"allow":["GET"]}}],"collection":[{"href":"https:\/\/zonaroja.com.mx\/index.php?rest_route=\/wp\/v2\/posts"}],"about":[{"href":"https:\/\/zonaroja.com.mx\/index.php?rest_route=\/wp\/v2\/types\/post"}],"author":[{"embeddable":true,"href":"https:\/\/zonaroja.com.mx\/index.php?rest_route=\/wp\/v2\/users\/2"}],"replies":[{"embeddable":true,"href":"https:\/\/zonaroja.com.mx\/index.php?rest_route=%2Fwp%2Fv2%2Fcomments&post=29138"}],"version-history":[{"count":1,"href":"https:\/\/zonaroja.com.mx\/index.php?rest_route=\/wp\/v2\/posts\/29138\/revisions"}],"predecessor-version":[{"id":29140,"href":"https:\/\/zonaroja.com.mx\/index.php?rest_route=\/wp\/v2\/posts\/29138\/revisions\/29140"}],"wp:featuredmedia":[{"embeddable":true,"href":"https:\/\/zonaroja.com.mx\/index.php?rest_route=\/wp\/v2\/media\/29139"}],"wp:attachment":[{"href":"https:\/\/zonaroja.com.mx\/index.php?rest_route=%2Fwp%2Fv2%2Fmedia&parent=29138"}],"wp:term":[{"taxonomy":"category","embeddable":true,"href":"https:\/\/zonaroja.com.mx\/index.php?rest_route=%2Fwp%2Fv2%2Fcategories&post=29138"},{"taxonomy":"post_tag","embeddable":true,"href":"https:\/\/zonaroja.com.mx\/index.php?rest_route=%2Fwp%2Fv2%2Ftags&post=29138"}],"curies":[{"name":"wp","href":"https:\/\/api.w.org\/{rel}","templated":true}]}}