{"id":29141,"date":"2021-06-29T19:01:34","date_gmt":"2021-06-30T00:01:34","guid":{"rendered":"http:\/\/www.zonaroja.com.mx\/?p=29141"},"modified":"2021-06-29T19:01:36","modified_gmt":"2021-06-30T00:01:36","slug":"tribunal-colegiado-obliga-a-gobierno-de-oaxaca-a-reconectar-agua-a-ayutla","status":"publish","type":"post","link":"https:\/\/zonaroja.com.mx\/?p=29141","title":{"rendered":"Tribunal Colegiado obliga a gobierno de Oaxaca a reconectar agua a Ayutla"},"content":{"rendered":"\n<p>Redacci\u00f3n\/Zona Roja.<\/p>\n\n\n\n<p>Oaxaca de Ju\u00e1rez, Oax., 29 de junio de 2021.- El Poder Judicial de la Federaci\u00f3n orden\u00f3 al gobierno de Oaxaca reconectar el sistema de agua potable de San Pedro y San Pablo Ayutla Mixe al manantial, de donde originalmente obten\u00edan el vital l\u00edquido.<\/p>\n\n\n\n<p>Un Tribunal Colegiado emiti\u00f3 hoy la sentencia definitiva al amparo 795\/2017 que ordena al mandatario Alejandro Murat Hinojosa se realicen las acciones tendientes a efecto de cumplir la demanda de los pobladores de esa comunidad ind\u00edgena, que data desde el a\u00f1o 2017 y que incluso ha dejado como saldo diversos hechos violentos, con una persona fallecida.<\/p>\n\n\n\n<p>En el programa \u201cMomentum\u201d de los medios informativos Rompeviento Tv y Pie de P\u00e1gina, el abogado Jos\u00e9 Juan Juli\u00e1n Santiago y una habitante de Ayutla, Laura Morales, explicaron el tercer y definitivo fallo del Poder Judicial de la Federaci\u00f3n.<\/p>\n\n\n\n<p>\u201cEstamos muy alegres, despu\u00e9s de tanto tiempo, de cuatro a\u00f1os de exigir un derecho humano al agua, hoy vemos la posibilidad de verlo m\u00e1s cercano, m\u00e1s definitivo\u201d, dijo el profesionista.<\/p>\n\n\n\n<p>&nbsp;\u201cEsperamos que ahora s\u00ed lo hagan, no exista ning\u00fan argumento para garantizar el derecho al agua\u2026 Ya no hay ning\u00fan impedimento legal, lo que hay ahora es una obligaci\u00f3n jur\u00eddica para realizar de manera inmediata la reconexi\u00f3n, hemos tenido que llegar a la necesidad de contar con una resoluci\u00f3n legal, ahora ya no hay justificaci\u00f3n para exigir que el Gobierno del Estado la reconexi\u00f3n\u201d, manifest\u00f3.<\/p>\n\n\n\n<p>\u201cMuy contenta por la resoluci\u00f3n, de nuevo volvemos a ganar, hemos tenido siempre la raz\u00f3n\u201d, dijo a su vez Laura Morales, durante la entrevista.<\/p>\n\n\n\n<p>IMPEDIMENTO JUR\u00cdDICO<\/p>\n\n\n\n<p>D\u00edas atr\u00e1s el gobernador Alejandro Murat dijo en entrevista al mismo programa de \u201cMomentum\u201d que no se hab\u00eda reconectado el agua al manantial debido que ambos pueblos, Ayutla y Tamazul\u00e1pam Mixe, tienen procesos judiciales, mismos que se respetan.<\/p>\n\n\n\n<p>\u201cMientras haya impedimentos jur\u00eddicos, no podemos actuar; de no ser as\u00ed mi gobierno ya hubiera ido a reconectar\u201d, expuso, al se\u00f1alar que la autoridad estatal trabaj\u00f3 por la otra v\u00eda, que fue perforar un pozo para surtir de agua potable a Ayutla.<\/p>\n\n\n\n<p>\u201cSi el marco legal me lo permite, cr\u00e9eme que al d\u00eda siguiente lo reconectamos\u201d, manifest\u00f3 Murat a ambos medios informativos.<\/p>\n","protected":false},"excerpt":{"rendered":"<p>Redacci\u00f3n\/Zona Roja. Oaxaca de Ju\u00e1rez, Oax., 29 de junio de 2021.- El Poder Judicial de&hellip;<\/p>\n","protected":false},"author":2,"featured_media":9917,"comment_status":"closed","ping_status":"open","sticky":false,"template":"","format":"standard","meta":{"_lmt_disableupdate":"","_lmt_disable":"","_jetpack_memberships_contains_paid_content":false,"footnotes":""},"categories":[109,46],"tags":[501],"class_list":["post-29141","post","type-post","status-publish","format-standard","has-post-thumbnail","hentry","category-minuto-a-minuto","category-zona-blanca","tag-san-pedro-y-san-pablo-ayutla-mixe"],"jetpack_featured_media_url":"https:\/\/zonaroja.com.mx\/wp-content\/uploads\/2020\/03\/Manantial-Ayutla-Mixe.jpg","jetpack_sharing_enabled":true,"_links":{"self":[{"href":"https:\/\/zonaroja.com.mx\/index.php?rest_route=\/wp\/v2\/posts\/29141","targetHints":{"allow":["GET"]}}],"collection":[{"href":"https:\/\/zonaroja.com.mx\/index.php?rest_route=\/wp\/v2\/posts"}],"about":[{"href":"https:\/\/zonaroja.com.mx\/index.php?rest_route=\/wp\/v2\/types\/post"}],"author":[{"embeddable":true,"href":"https:\/\/zonaroja.com.mx\/index.php?rest_route=\/wp\/v2\/users\/2"}],"replies":[{"embeddable":true,"href":"https:\/\/zonaroja.com.mx\/index.php?rest_route=%2Fwp%2Fv2%2Fcomments&post=29141"}],"version-history":[{"count":1,"href":"https:\/\/zonaroja.com.mx\/index.php?rest_route=\/wp\/v2\/posts\/29141\/revisions"}],"predecessor-version":[{"id":29142,"href":"https:\/\/zonaroja.com.mx\/index.php?rest_route=\/wp\/v2\/posts\/29141\/revisions\/29142"}],"wp:featuredmedia":[{"embeddable":true,"href":"https:\/\/zonaroja.com.mx\/index.php?rest_route=\/wp\/v2\/media\/9917"}],"wp:attachment":[{"href":"https:\/\/zonaroja.com.mx\/index.php?rest_route=%2Fwp%2Fv2%2Fmedia&parent=29141"}],"wp:term":[{"taxonomy":"category","embeddable":true,"href":"https:\/\/zonaroja.com.mx\/index.php?rest_route=%2Fwp%2Fv2%2Fcategories&post=29141"},{"taxonomy":"post_tag","embeddable":true,"href":"https:\/\/zonaroja.com.mx\/index.php?rest_route=%2Fwp%2Fv2%2Ftags&post=29141"}],"curies":[{"name":"wp","href":"https:\/\/api.w.org\/{rel}","templated":true}]}}