{"id":29147,"date":"2021-06-30T09:00:09","date_gmt":"2021-06-30T14:00:09","guid":{"rendered":"http:\/\/www.zonaroja.com.mx\/?p=29147"},"modified":"2021-06-30T09:30:03","modified_gmt":"2021-06-30T14:30:03","slug":"se-unen-comercios-y-personas-para-apoyar-a-lhyzeth-victima-de-hongo-negro","status":"publish","type":"post","link":"https:\/\/zonaroja.com.mx\/?p=29147","title":{"rendered":"Se unen comercios y personas para apoyar a Lhyzeth, v\u00edctima de \u201chongo negro\u201d"},"content":{"rendered":"\n<p>Evlin Arag\u00f3n\/Zona Roja. Foto: Estaci\u00f3n Foto.<\/p>\n\n\n\n<p>Oaxaca de Ju\u00e1rez, Oax., 29 de junio de 2021.- Apenas hace cuatro d\u00edas, familiares de Lhyzeth Jim\u00e9nez Leyva, paciente diagnosticada con \u201chongo negro\u201d abrieron una cuenta en las redes sociales para solicitar el apoyo de la ciudadan\u00eda a fin de cubrir los gastos de la atenci\u00f3n m\u00e9dica de la mujer de 37 a\u00f1os de edad.&nbsp;<\/p>\n\n\n\n<p>\u201cDe granito en granito de arena formamos la playa para este inmenso mar. Con cari\u00f1o y mucho agradecimiento\u201d, refiere la p\u00e1gina, al mismo tiempo que solicita el respaldo de quienes guste apoya a Lhyzeth.&nbsp;<\/p>\n\n\n\n<p>Al llamado se unieron el Lavaautos \u201cFiallo\u201d quien don\u00f3 50 pesos por cada auto lavado de personas que dijeran que iban en apoyo a la causa, durante el fin de semana pasado; as\u00ed como Sabrilokas quienes donaron parte de su producto para una rifa con causa.&nbsp;<\/p>\n\n\n\n<p>\u201cMr. BEER Oax\u201d tambi\u00e9n se solidariz\u00f3 y ofreci\u00f3 las ganancias generadas durante esta semana para apoyar a la familia de la joven; as\u00ed mismo \u201cCrazy Fruits\u201d, negocio local, realizar\u00e1 una rifa en beneficio.&nbsp;<\/p>\n\n\n\n<p>El grupo de ensamble \u201cVoce dell\u2019 Anima\u201d no se qued\u00f3 atr\u00e1s y ofrecer\u00e1 un concierto a beneficio para Lhyzet, el cual se llevar\u00e1 a cabo el pr\u00f3ximo domingo 4 de julio, a trav\u00e9s de la plataforma zoom y tendr\u00e1 un costo de 100 pesos por boleto.&nbsp;<\/p>\n\n\n\n<p>Sarah\u00ed Jim\u00e9nez Leyva, hermana de la mujer que hoy se debate entre la vida y la muerte, explic\u00f3 que, aunque fue vacunada se contagi\u00f3 de Covid-19 y posteriormente desarrollo la infecci\u00f3n que se extiende por el aparato respiratorio y erosiona las estructuras faciales.&nbsp;<\/p>\n\n\n\n<p>As\u00ed mismo, solicit\u00f3 el apoyo de la poblaci\u00f3n ya sea con atenci\u00f3n especializada o recurso econ\u00f3mico para solventar los gastos de los medicamentos, mientras que agradeci\u00f3 la labor del personal m\u00e9dico del Hospital Regional de Alta Especialidad de Oaxaca.&nbsp;<\/p>\n\n\n\n<p>Mientras que Carlos Jim\u00e9nez Leyva asegur\u00f3 que el hongo puede afectar a cualquier persona que tenga bajas sus defensas o suprimidas, por ejemplo, con secuelas de Covid-19, de ah\u00ed que alert\u00f3 a la poblaci\u00f3n a estar pendiente de su salud y de cualquier s\u00edntoma extra\u00f1o que pueda presentar.&nbsp;<\/p>\n\n\n\n<p>A la par que puso a disposici\u00f3n de la poblaci\u00f3n la p\u00e1gina de Facebook \u201cJuntos por Lhyzeth Jim\u00e9nez Leyva\u201d para quienes gusten solidarizarse con la causa o hacer contribuciones econ\u00f3micas a las cuentas 4658285911925687 de Inbursa y 4152313733822410 BBVA, a nombre de Jaime D\u00edaz y Rams\u00e9s Morga Jim\u00e9nez, respectivamente.&nbsp;<\/p>\n","protected":false},"excerpt":{"rendered":"<p>Evlin Arag\u00f3n\/Zona Roja. Foto: Estaci\u00f3n Foto. Oaxaca de Ju\u00e1rez, Oax., 29 de junio de 2021.-&hellip;<\/p>\n","protected":false},"author":2,"featured_media":29148,"comment_status":"closed","ping_status":"open","sticky":false,"template":"","format":"standard","meta":{"_lmt_disableupdate":"","_lmt_disable":"","_jetpack_memberships_contains_paid_content":false,"footnotes":""},"categories":[109,47],"tags":[2769],"class_list":["post-29147","post","type-post","status-publish","format-standard","has-post-thumbnail","hentry","category-minuto-a-minuto","category-zona-gris","tag-lhyzeth-jimenez-leyva"],"jetpack_featured_media_url":"https:\/\/zonaroja.com.mx\/wp-content\/uploads\/2021\/06\/Joven-mucomircosis.jpg","jetpack_sharing_enabled":true,"_links":{"self":[{"href":"https:\/\/zonaroja.com.mx\/index.php?rest_route=\/wp\/v2\/posts\/29147","targetHints":{"allow":["GET"]}}],"collection":[{"href":"https:\/\/zonaroja.com.mx\/index.php?rest_route=\/wp\/v2\/posts"}],"about":[{"href":"https:\/\/zonaroja.com.mx\/index.php?rest_route=\/wp\/v2\/types\/post"}],"author":[{"embeddable":true,"href":"https:\/\/zonaroja.com.mx\/index.php?rest_route=\/wp\/v2\/users\/2"}],"replies":[{"embeddable":true,"href":"https:\/\/zonaroja.com.mx\/index.php?rest_route=%2Fwp%2Fv2%2Fcomments&post=29147"}],"version-history":[{"count":1,"href":"https:\/\/zonaroja.com.mx\/index.php?rest_route=\/wp\/v2\/posts\/29147\/revisions"}],"predecessor-version":[{"id":29149,"href":"https:\/\/zonaroja.com.mx\/index.php?rest_route=\/wp\/v2\/posts\/29147\/revisions\/29149"}],"wp:featuredmedia":[{"embeddable":true,"href":"https:\/\/zonaroja.com.mx\/index.php?rest_route=\/wp\/v2\/media\/29148"}],"wp:attachment":[{"href":"https:\/\/zonaroja.com.mx\/index.php?rest_route=%2Fwp%2Fv2%2Fmedia&parent=29147"}],"wp:term":[{"taxonomy":"category","embeddable":true,"href":"https:\/\/zonaroja.com.mx\/index.php?rest_route=%2Fwp%2Fv2%2Fcategories&post=29147"},{"taxonomy":"post_tag","embeddable":true,"href":"https:\/\/zonaroja.com.mx\/index.php?rest_route=%2Fwp%2Fv2%2Ftags&post=29147"}],"curies":[{"name":"wp","href":"https:\/\/api.w.org\/{rel}","templated":true}]}}