{"id":29152,"date":"2021-06-29T22:12:54","date_gmt":"2021-06-30T03:12:54","guid":{"rendered":"http:\/\/www.zonaroja.com.mx\/?p=29152"},"modified":"2021-06-29T22:26:53","modified_gmt":"2021-06-30T03:26:53","slug":"sigue-fuerte-covid-en-oaxaca-hoy-110-casos-positivos-7-hospitales-llenos","status":"publish","type":"post","link":"https:\/\/zonaroja.com.mx\/?p=29152","title":{"rendered":"Sigue fuerte Covid en Oaxaca; hoy 110 casos positivos; 7 hospitales llenos"},"content":{"rendered":"\n<p>Redacci\u00f3n\/Zona Roja.<\/p>\n\n\n\n<p>Oaxaca de Ju\u00e1rez, Oax., 29 de junio de 2021.- Los Servicios de Salud de Oaxaca (SSO), informaron que este martes, suman 48 mil 516 diagn\u00f3sticos de Covid-19, de los cuales 110 son nuevos casos, estos \u00faltimos se ubican en 31 municipios.<\/p>\n\n\n\n<p>Siendo Oaxaca de Ju\u00e1rez el de mayor incidencia, con el 27% de los pacientes nuevos, es decir acumul\u00f3 en las \u00faltimas 24 horas 30 contagios, seguido de Salina Cruz y Santa Cruz Xoxocotl\u00e1n con ocho respectivamente, Ciudad Ixtepec con seis, as\u00ed como San Pedro Mixtepec Distrito 22 y Santo Domingo Tehuantepec con cinco cada uno, por mencionar algunos.<\/p>\n\n\n\n<p>En el panorama general ya son 83 mil 421 notificaciones acumuladas, 29 mil 951 son con resultados negativos, cuatro mil 954 est\u00e1n como sospechosos, en tanto, los pacientes recuperados alcanzaron la cifra de 44 mil 159.<\/p>\n\n\n\n<p>Al corte de este 29 de junio se notific\u00f3 un deceso m\u00e1s, dando un total de tres mil 960 personas que perdieron la vida, tras contraer el virus. Por lo que Valles Centrales contabiliza un total de mil 915 fallecimientos, en segundo lugar, se ubica el Istmo con 747 muertes, seguido de la Mixteca con 408, Tuxtepec con 354, la Costa con 311 y por \u00faltimo, la Sierra con 225 muertes.<\/p>\n\n\n\n<figure class=\"wp-block-embed-twitter wp-block-embed is-type-rich is-provider-twitter\"><div class=\"wp-block-embed__wrapper\">\n<div class=\"twitter-tweet\"><blockquote class=\"twitter-tweet\" data-lang=\"es\"><p lang=\"es\" dir=\"ltr\"><a href=\"https:\/\/twitter.com\/hashtag\/%C3%9AltimoMinuto?src=hash&amp;ref_src=twsrc%5Etfw\">#\u00daltimoMinuto<\/a><br>En el caso de <a href=\"https:\/\/twitter.com\/hashtag\/Oaxaca?src=hash&amp;ref_src=twsrc%5Etfw\">#Oaxaca<\/a>, los Servicios de Salud reportaron 1 deceso por Covid, con lo que suman 3 mil 960 fallecimientos.<br>Tambi\u00e9n, 110 nuevos casos positivos, para un total de 48 mil 516 casos confirmados; siguen siete hospitales llenos de pacientes.<a href=\"https:\/\/twitter.com\/hashtag\/Qu%C3%A9dateEnCasa?src=hash&amp;ref_src=twsrc%5Etfw\">#Qu\u00e9dateEnCasa<\/a> <a href=\"https:\/\/t.co\/0tQCCJeE2g\">pic.twitter.com\/0tQCCJeE2g<\/a><\/p>&mdash; Zona Roja Oaxaca (@Zona_Roja_Oax) <a href=\"https:\/\/twitter.com\/Zona_Roja_Oax\/status\/1410057672666325011?ref_src=twsrc%5Etfw\">30 de junio de 2021<\/a><\/blockquote><\/div>\n<\/div><\/figure>\n\n\n\n<p>Asimismo, a lo largo de la emergencia sanitaria ocho mil 023 pacientes requirieron atenci\u00f3n hospitalaria y 40 mil 493 aislamiento domiciliario, es decir, el 83.5% de las personas que salieron positivas a la patolog\u00eda respiratoria, no presentaron gravedad de la enfermedad.<\/p>\n\n\n\n<p>Por sexo, los datos indican que con 25 mil 622 casos, los hombres siguen siendo la poblaci\u00f3n m\u00e1s afectada por el SARS-CoV-2, en comparaci\u00f3n con las mujeres quienes suman 22 mil 894 notificaciones.<\/p>\n\n\n\n<p>Respecto a los pacientes que iniciaron s\u00edntomas en los \u00faltimos 14 d\u00edas, la dependencia describi\u00f3 que el Istmo ocupa el primer lugar en los casos activos con 189, seguido de Valles Centrales&nbsp; con 149, la Costa con 30, Tuxtepec con 14, la Mixteca con 10 y la Sierra contabiliza cinco.<\/p>\n\n\n\n<p>Por distribuci\u00f3n geogr\u00e1fica, del global de casos acumulados 32 mil 563 son residentes de Valles Centrales, 4 mil 560 del Istmo, 2 mil 998 de Tuxtepec, 2 mil 570 de la Costa, 4 mil 082 de la Mixteca y mil 743 de la Sierra.<\/p>\n\n\n\n<p>Mencion\u00f3 que el d\u00eda de hoy, siete centros m\u00e9dicos registraron el 100% de saturaci\u00f3n, al reportarse el ingreso hospitalario de ocho nuevos pacientes, por lo que hay un 22.1% de ocupaci\u00f3n en general, es decir hay 80 camas ocupadas, de 362 disponibles.<\/p>\n\n\n\n<p>(Comunicado)<\/p>\n","protected":false},"excerpt":{"rendered":"<p>Redacci\u00f3n\/Zona Roja. Oaxaca de Ju\u00e1rez, Oax., 29 de junio de 2021.- Los Servicios de Salud&hellip;<\/p>\n","protected":false},"author":2,"featured_media":29153,"comment_status":"closed","ping_status":"open","sticky":false,"template":"","format":"standard","meta":{"_lmt_disableupdate":"","_lmt_disable":"","_jetpack_memberships_contains_paid_content":false,"footnotes":""},"categories":[109,47],"tags":[1512],"class_list":["post-29152","post","type-post","status-publish","format-standard","has-post-thumbnail","hentry","category-minuto-a-minuto","category-zona-gris","tag-coronavirus-oaxaca"],"jetpack_featured_media_url":"https:\/\/zonaroja.com.mx\/wp-content\/uploads\/2021\/06\/29-de-junio-de-2021.-Mapa-.jpg","jetpack_sharing_enabled":true,"_links":{"self":[{"href":"https:\/\/zonaroja.com.mx\/index.php?rest_route=\/wp\/v2\/posts\/29152","targetHints":{"allow":["GET"]}}],"collection":[{"href":"https:\/\/zonaroja.com.mx\/index.php?rest_route=\/wp\/v2\/posts"}],"about":[{"href":"https:\/\/zonaroja.com.mx\/index.php?rest_route=\/wp\/v2\/types\/post"}],"author":[{"embeddable":true,"href":"https:\/\/zonaroja.com.mx\/index.php?rest_route=\/wp\/v2\/users\/2"}],"replies":[{"embeddable":true,"href":"https:\/\/zonaroja.com.mx\/index.php?rest_route=%2Fwp%2Fv2%2Fcomments&post=29152"}],"version-history":[{"count":2,"href":"https:\/\/zonaroja.com.mx\/index.php?rest_route=\/wp\/v2\/posts\/29152\/revisions"}],"predecessor-version":[{"id":29155,"href":"https:\/\/zonaroja.com.mx\/index.php?rest_route=\/wp\/v2\/posts\/29152\/revisions\/29155"}],"wp:featuredmedia":[{"embeddable":true,"href":"https:\/\/zonaroja.com.mx\/index.php?rest_route=\/wp\/v2\/media\/29153"}],"wp:attachment":[{"href":"https:\/\/zonaroja.com.mx\/index.php?rest_route=%2Fwp%2Fv2%2Fmedia&parent=29152"}],"wp:term":[{"taxonomy":"category","embeddable":true,"href":"https:\/\/zonaroja.com.mx\/index.php?rest_route=%2Fwp%2Fv2%2Fcategories&post=29152"},{"taxonomy":"post_tag","embeddable":true,"href":"https:\/\/zonaroja.com.mx\/index.php?rest_route=%2Fwp%2Fv2%2Ftags&post=29152"}],"curies":[{"name":"wp","href":"https:\/\/api.w.org\/{rel}","templated":true}]}}