{"id":29159,"date":"2021-06-30T07:54:42","date_gmt":"2021-06-30T12:54:42","guid":{"rendered":"http:\/\/www.zonaroja.com.mx\/?p=29159"},"modified":"2021-06-30T07:54:44","modified_gmt":"2021-06-30T12:54:44","slug":"a-balazos-se-disputan-el-pri-nacional-culpan-de-violencia-a-uro","status":"publish","type":"post","link":"https:\/\/zonaroja.com.mx\/?p=29159","title":{"rendered":"A balazos se disputan el PRI nacional; culpan de violencia a URO"},"content":{"rendered":"\n<p>Redacci\u00f3n\/Zona Roja Cdmx.<\/p>\n\n\n\n<p>Ciudad de M\u00e9xico, 30 de junio de 2021.- Grupos internos del PRI se enfrentaron este martes a golpes y con palos en las afueras de la sede nacional para disputarse el partido.<\/p>\n\n\n\n<p>Seguidores del exgobernador de Oaxaca, Ulises Ruiz, que estaban instalados en un plant\u00f3n en las oficinas del instituto pol\u00edtico se enfrentaron con seguidores del actual l\u00edder nacional, Alejandro Moreno C\u00e1rdenas.<\/p>\n\n\n\n<p>\u201cEste es el equipo de gente armada que @ulisesruizor env\u00edo al @PRICDMX_ en donde hab\u00eda un evento de militantes para respaldar a la dirigencia nacional. No vamos a permitir que la violencia se apodere del PRI. A punta de balazos quieren dividirnos. \u00a1No lo vamos a permitir!\u201d, acus\u00f3 Moreno C\u00e1rdenas en su cuenta de Twitter con apoyo de im\u00e1genes y videos.<\/p>\n\n\n\n<p>\u201cHay que decirlo como es: @ulisesruizor y @NalleGugi son parte de un comando armado que vino a violentar a nuestra militancia. Pedimos a la Secretar\u00eda de Seguridad de la CDMX tome cartas en el asunto y detenga a quienes usan las balas para atacar a una militancia pac\u00edfica\u201d, agreg\u00f3.<\/p>\n\n\n\n<p>En sus videos, el dirigente nacional mostr\u00f3 a un joven agredido y quien asegur\u00f3 que el grupo de Ulises Ruiz llevaba palos, armas y petardos para atacar un \u201cevento pac\u00edfico en el partido\u201d.<\/p>\n\n\n\n<figure class=\"wp-block-embed-twitter wp-block-embed is-type-rich is-provider-twitter\"><div class=\"wp-block-embed__wrapper\">\n<div class=\"twitter-tweet\"><blockquote class=\"twitter-tweet\" data-lang=\"es\"><p lang=\"es\" dir=\"ltr\"><a href=\"https:\/\/twitter.com\/hashtag\/%C3%9AltimoMinuto?src=hash&amp;ref_src=twsrc%5Etfw\">#\u00daltimoMinuto<\/a> <br>A golpes arreglan sus diferencias en el PRI nacional, tras la derrota electoral.<br>Acusan al ex gobernador de <a href=\"https:\/\/twitter.com\/hashtag\/Oaxaca?src=hash&amp;ref_src=twsrc%5Etfw\">#Oaxaca<\/a>, Ulises Ruiz Ortiz, de llevar porros y grupos de choque, para \u201ctomar\u201d con violencia la sede del partido, en la Cdmx. <br>Video: Cortes\u00eda <a href=\"https:\/\/t.co\/YDva3WHElM\">pic.twitter.com\/YDva3WHElM<\/a><\/p>&mdash; Zona Roja Oaxaca (@Zona_Roja_Oax) <a href=\"https:\/\/twitter.com\/Zona_Roja_Oax\/status\/1410049910867738626?ref_src=twsrc%5Etfw\">30 de junio de 2021<\/a><\/blockquote><\/div>\n<\/div><\/figure>\n\n\n\n<p>En tanto, Ulises Ruiz responsabiliz\u00f3 en Twitter a Alejandro Moreno, Rub\u00e9n Moreira, Jos\u00e9 Murat e Israel Betanzos de cualquier agresi\u00f3n que sufran los militantes \u201cque pac\u00edficamente mantienen tomado el PRI\u201d.<\/p>\n\n\n\n<p>\u201cEsto es un asunto de pol\u00edtica, no de golpeadores y porros\u201d, agreg\u00f3.<\/p>\n\n\n\n<p>A s\u00f3lo tres semanas de la debacle del PRI en las elecciones del 6 de junio, los priistas disidentes exigen la salida del dirigente Alejandro Moreno.<\/p>\n\n\n\n<p>Acorde con los reportes, un joven result\u00f3 herido de bala durante el enfrentamiento entre militantes del PRI en inmediaciones de la sede nacional del partido en la avenida H\u00e9roes Ferrocarrileros, luego de reportar disparos de arma de fuego, agresiones con petardos, palos y piedras.<\/p>\n\n\n\n<p>La v\u00edctima fue identificada como Edmundo Cruz M\u00e9ndez, de 20 a\u00f1os de edad, quien recibi\u00f3 un impacto de bala en la espada y tuvo que ser trasladado al hospital Rub\u00e9n Le\u00f1ero para que sea atendido, mientras que las autoridades abrieron una carpeta de investigaci\u00f3n para detener a los responsables.<\/p>\n\n\n\n<p>(Informaci\u00f3n de \u201cEl Financiero\u201d)<\/p>\n","protected":false},"excerpt":{"rendered":"<p>Redacci\u00f3n\/Zona Roja Cdmx. Ciudad de M\u00e9xico, 30 de junio de 2021.- Grupos internos del PRI&hellip;<\/p>\n","protected":false},"author":2,"featured_media":29160,"comment_status":"closed","ping_status":"open","sticky":false,"template":"","format":"standard","meta":{"_lmt_disableupdate":"","_lmt_disable":"","_jetpack_memberships_contains_paid_content":false,"footnotes":""},"categories":[109,47],"tags":[2770],"class_list":["post-29159","post","type-post","status-publish","format-standard","has-post-thumbnail","hentry","category-minuto-a-minuto","category-zona-gris","tag-enfrentamiento-pri-nacional"],"jetpack_featured_media_url":"https:\/\/zonaroja.com.mx\/wp-content\/uploads\/2021\/06\/Enfrentamiento-PRI.jpg","jetpack_sharing_enabled":true,"_links":{"self":[{"href":"https:\/\/zonaroja.com.mx\/index.php?rest_route=\/wp\/v2\/posts\/29159","targetHints":{"allow":["GET"]}}],"collection":[{"href":"https:\/\/zonaroja.com.mx\/index.php?rest_route=\/wp\/v2\/posts"}],"about":[{"href":"https:\/\/zonaroja.com.mx\/index.php?rest_route=\/wp\/v2\/types\/post"}],"author":[{"embeddable":true,"href":"https:\/\/zonaroja.com.mx\/index.php?rest_route=\/wp\/v2\/users\/2"}],"replies":[{"embeddable":true,"href":"https:\/\/zonaroja.com.mx\/index.php?rest_route=%2Fwp%2Fv2%2Fcomments&post=29159"}],"version-history":[{"count":1,"href":"https:\/\/zonaroja.com.mx\/index.php?rest_route=\/wp\/v2\/posts\/29159\/revisions"}],"predecessor-version":[{"id":29161,"href":"https:\/\/zonaroja.com.mx\/index.php?rest_route=\/wp\/v2\/posts\/29159\/revisions\/29161"}],"wp:featuredmedia":[{"embeddable":true,"href":"https:\/\/zonaroja.com.mx\/index.php?rest_route=\/wp\/v2\/media\/29160"}],"wp:attachment":[{"href":"https:\/\/zonaroja.com.mx\/index.php?rest_route=%2Fwp%2Fv2%2Fmedia&parent=29159"}],"wp:term":[{"taxonomy":"category","embeddable":true,"href":"https:\/\/zonaroja.com.mx\/index.php?rest_route=%2Fwp%2Fv2%2Fcategories&post=29159"},{"taxonomy":"post_tag","embeddable":true,"href":"https:\/\/zonaroja.com.mx\/index.php?rest_route=%2Fwp%2Fv2%2Ftags&post=29159"}],"curies":[{"name":"wp","href":"https:\/\/api.w.org\/{rel}","templated":true}]}}