{"id":29162,"date":"2021-07-01T08:40:00","date_gmt":"2021-07-01T13:40:00","guid":{"rendered":"http:\/\/www.zonaroja.com.mx\/?p=29162"},"modified":"2021-07-01T09:53:25","modified_gmt":"2021-07-01T14:53:25","slug":"profesionalizacion-de-juzgadores-humaniza-la-imparticion-de-justicia","status":"publish","type":"post","link":"https:\/\/zonaroja.com.mx\/?p=29162","title":{"rendered":"Profesionalizaci\u00f3n de juzgadores humaniza la impartici\u00f3n de justicia"},"content":{"rendered":"\n<p>Redacci\u00f3n\/Zona Roja.<\/p>\n\n\n\n<p>Oaxaca de Ju\u00e1rez, Oax., 1 de julio de 2021.- Al ser las y los juzgadores la columna vertebral del Poder Judicial del Estado, la formaci\u00f3n especializada y profesionalizaci\u00f3n con apego a los principios de la excelencia, objetividad, imparcialidad y \u00e9tica, constituye uno de los ejes principales en la administraci\u00f3n del magistrado Eduardo Pinacho S\u00e1nchez, aunado a que contribuye a la humanizaci\u00f3n del servicio que se brinda a la sociedad; por lo cual, a trav\u00e9s de la Escuela Judicial, se realizan de forma permanente cursos, talleres, diplomados y conferencias.<\/p>\n\n\n\n<p>Asimismo, se imparten los Estudios de Especializaci\u00f3n Judicial en Derecho Civil-Mercantil, Derecho Familiar, Derecho Penal Sustantivo, Derechos Humanos y Sistema Acusatorio Penal, con una duraci\u00f3n de un a\u00f1o, lo que permite actualizar a servidoras y servidores p\u00fablicos de la instituci\u00f3n junto con abogados de la comunidad jur\u00eddica.<\/p>\n\n\n\n<p>Durante el periodo de contingencia sanitaria, la Escuela Judicial, gener\u00f3 las condiciones necesarias para dar continuidad a los procesos de formaci\u00f3n, especializaci\u00f3n y profesionalizaci\u00f3n en la instituci\u00f3n, con el uso las herramientas tecnol\u00f3gicas como son las plataformas educativas virtuales para clases en l\u00ednea.<\/p>\n\n\n\n<p>El director del \u00e1rea, H\u00e9ctor Humberto Quevedo V\u00e1squez se\u00f1al\u00f3 que vivimos un mundo globalizado donde la tecnolog\u00eda ha cambiado las din\u00e1micas de competencia y el \u00e1rea acad\u00e9mica no es la excepci\u00f3n; por ello, y ante el contexto de la pandemia, el Poder Judicial reforz\u00f3 sus actividades a distancia.<\/p>\n\n\n\n<p>Destac\u00f3 que en alianza con diferentes instituciones y otros Poderes Judiciales del pa\u00eds se ha continuado la capacitaci\u00f3n en diferentes temas, adem\u00e1s de que ante la entrada en vigor de la reforma del nuevo sistema de justicia laboral, en 2021, en Oaxaca se fortalece la preparaci\u00f3n del personal jurisdiccional que estar\u00e1 involucrado en la materia, siendo una de las actividades vigentes el Diplomado de Especializaci\u00f3n sobre la Reforma en materia de Justicia Laboral.<\/p>\n\n\n\n<p>A trav\u00e9s de estas actividades, el Poder Judicial del Estado cumple con los compromisos institucionales y tratados internacionales en derechos humanos, los cuales se\u00f1alan la necesidad de generar acciones de formaci\u00f3n y capacitaci\u00f3n en el rubro para su aplicaci\u00f3n, principalmente en la funci\u00f3n jurisdiccional, que responda a las exigencias y retos de la sociedad actual y a un servicio de calidad, \u00e9tico, profesional y con rostro humano.<\/p>\n","protected":false},"excerpt":{"rendered":"<p>Redacci\u00f3n\/Zona Roja. Oaxaca de Ju\u00e1rez, Oax., 1 de julio de 2021.- Al ser las y&hellip;<\/p>\n","protected":false},"author":2,"featured_media":29163,"comment_status":"closed","ping_status":"open","sticky":false,"template":"","format":"standard","meta":{"_lmt_disableupdate":"","_lmt_disable":"","_jetpack_memberships_contains_paid_content":false,"footnotes":""},"categories":[109,46],"tags":[223],"class_list":["post-29162","post","type-post","status-publish","format-standard","has-post-thumbnail","hentry","category-minuto-a-minuto","category-zona-blanca","tag-poder-judicial-de-oaxaca"],"jetpack_featured_media_url":"https:\/\/zonaroja.com.mx\/wp-content\/uploads\/2021\/06\/Personal-judicial-se-capacita-en-linea.jpg","jetpack_sharing_enabled":true,"_links":{"self":[{"href":"https:\/\/zonaroja.com.mx\/index.php?rest_route=\/wp\/v2\/posts\/29162","targetHints":{"allow":["GET"]}}],"collection":[{"href":"https:\/\/zonaroja.com.mx\/index.php?rest_route=\/wp\/v2\/posts"}],"about":[{"href":"https:\/\/zonaroja.com.mx\/index.php?rest_route=\/wp\/v2\/types\/post"}],"author":[{"embeddable":true,"href":"https:\/\/zonaroja.com.mx\/index.php?rest_route=\/wp\/v2\/users\/2"}],"replies":[{"embeddable":true,"href":"https:\/\/zonaroja.com.mx\/index.php?rest_route=%2Fwp%2Fv2%2Fcomments&post=29162"}],"version-history":[{"count":2,"href":"https:\/\/zonaroja.com.mx\/index.php?rest_route=\/wp\/v2\/posts\/29162\/revisions"}],"predecessor-version":[{"id":29210,"href":"https:\/\/zonaroja.com.mx\/index.php?rest_route=\/wp\/v2\/posts\/29162\/revisions\/29210"}],"wp:featuredmedia":[{"embeddable":true,"href":"https:\/\/zonaroja.com.mx\/index.php?rest_route=\/wp\/v2\/media\/29163"}],"wp:attachment":[{"href":"https:\/\/zonaroja.com.mx\/index.php?rest_route=%2Fwp%2Fv2%2Fmedia&parent=29162"}],"wp:term":[{"taxonomy":"category","embeddable":true,"href":"https:\/\/zonaroja.com.mx\/index.php?rest_route=%2Fwp%2Fv2%2Fcategories&post=29162"},{"taxonomy":"post_tag","embeddable":true,"href":"https:\/\/zonaroja.com.mx\/index.php?rest_route=%2Fwp%2Fv2%2Ftags&post=29162"}],"curies":[{"name":"wp","href":"https:\/\/api.w.org\/{rel}","templated":true}]}}