{"id":29165,"date":"2021-06-30T08:14:12","date_gmt":"2021-06-30T13:14:12","guid":{"rendered":"http:\/\/www.zonaroja.com.mx\/?p=29165"},"modified":"2021-06-30T08:14:14","modified_gmt":"2021-06-30T13:14:14","slug":"benefician-con-mobiliario-a-3993-escuelas-de-oaxaca","status":"publish","type":"post","link":"https:\/\/zonaroja.com.mx\/?p=29165","title":{"rendered":"Benefician con mobiliario a 3,993 escuelas de Oaxaca"},"content":{"rendered":"\n<p>Redacci\u00f3n\/Zona Roja.<\/p>\n\n\n\n<p>Oaxaca de Ju\u00e1rez, Oax., 29 de junio de 2021.- En lo que va de la administraci\u00f3n del gobernador Alejandro Murat Hinojosa, a trav\u00e9s del Instituto Estatal de Educaci\u00f3n P\u00fablica de Oaxaca (IEEPO), se han beneficiado con mobiliario, equipo y material escolar a un total de tres mil 993 escuelas y 367 mil 629 estudiantes, lo que demuestra el compromiso del mandatario estatal con la atenci\u00f3n de las necesidades de los planteles escolares.<\/p>\n\n\n\n<p>En el segundo d\u00eda de gira de trabajo por la regi\u00f3n Mixteca, como parte de la Jornada Estatal para el Di\u00e1logo y Consenso en Temas Educativos, el director general del IEEPO, Francisco \u00c1ngel Villarreal hizo entrega simb\u00f3lica de estos apoyos a 18 planteles que atienden a dos mil 511 alumnos y donde laboran 152 profesores, ubicados en municipios como San Jorge Nuchita, San Miguel Tlacotepec, San Pedro y San Pablo Tequixtepec, Santa Mar\u00eda Camotl\u00e1n, Villa de Tamazulapam del Progreso y San Miguel Tequixtepec, entre otros.<\/p>\n\n\n\n<p>En un evento realizado en el Barrio de Santa Cruz de Huajuapan, autoridades municipales y comit\u00e9s de padres y madres de familia recibieron el mobiliario y equipo consistentes en computadoras, impresoras, mesas, sillas, pizarrones, bandas de guerra, equipos de sonido, archiveros, material de aseo, deportivo y de oficina, con una inversi\u00f3n total de m\u00e1s de un mill\u00f3n de pesos, con lo que asciende a poco m\u00e1s de 269 millones de pesos lo entregado en la actual administraci\u00f3n estatal.<\/p>\n\n\n\n<figure class=\"wp-block-embed-twitter wp-block-embed is-type-rich is-provider-twitter\"><div class=\"wp-block-embed__wrapper\">\n<div class=\"twitter-tweet\"><blockquote class=\"twitter-tweet\" data-lang=\"es\"><p lang=\"es\" dir=\"ltr\">En Oaxaca, una entidad pluri\u00e9tnica, es primordial escuchar las opiniones de supervisores y directores de Educaci\u00f3n Ind\u00edgena, se\u00f1al\u00f3 el DG del IEEPO, Francisco Villarreal <a href=\"https:\/\/twitter.com\/VillarrealPaco?ref_src=twsrc%5Etfw\">@VillarrealPaco<\/a> en reuni\u00f3n con este nivel en la Jornada Estatal para el Di\u00e1logo y Consenso en Temas Educativos <a href=\"https:\/\/t.co\/ZFDfPCQn5G\">pic.twitter.com\/ZFDfPCQn5G<\/a><\/p>&mdash; IEEPO (@IEEPOGobOax) <a href=\"https:\/\/twitter.com\/IEEPOGobOax\/status\/1409939315426316291?ref_src=twsrc%5Etfw\">29 de junio de 2021<\/a><\/blockquote><\/div>\n<\/div><\/figure>\n\n\n\n<p>Durante su mensaje, Francisco \u00c1ngel Villarreal se\u00f1al\u00f3 que con estas acciones se refrenda el compromiso de la administraci\u00f3n del gobernador Alejandro Murat Hinojosa a favor de las ni\u00f1as, ni\u00f1os y j\u00f3venes que cursan sus estudios en los diversos planteles de educaci\u00f3n inicial, preescolar, primaria y secundaria de las ocho regiones de la entidad.<\/p>\n\n\n\n<p>Mencion\u00f3 que la inversi\u00f3n ejercida en este rubro ha contribuido al desarrollo integral de las ni\u00f1as, ni\u00f1os y adolescentes quienes son el centro del proceso educativo, adem\u00e1s de que da respuesta a las solicitudes de los planteles educativos y de crear, construir y crecer en acciones que coadyuven a fortalecer las condiciones para la preparaci\u00f3n acad\u00e9mica de las y los alumnos y cuando sea posible el regreso presencial a clases, lo hagan en mejores condiciones.<\/p>\n\n\n\n<p>En el segundo d\u00eda de recorrido por Huajuapan, como parte de la Jornada Estatal para el Di\u00e1logo y Consenso en Temas Educativos, el Director General del IEEPO se reuni\u00f3 con supervisores y directores de Educaci\u00f3n Ind\u00edgena con quienes revis\u00f3 los retos a enfrentar ante un regreso a clases presenciales; adem\u00e1s de atender a docentes y padres de familia.<\/p>\n","protected":false},"excerpt":{"rendered":"<p>Redacci\u00f3n\/Zona Roja. Oaxaca de Ju\u00e1rez, Oax., 29 de junio de 2021.- En lo que va&hellip;<\/p>\n","protected":false},"author":2,"featured_media":29166,"comment_status":"closed","ping_status":"open","sticky":false,"template":"","format":"standard","meta":{"_lmt_disableupdate":"","_lmt_disable":"","_jetpack_memberships_contains_paid_content":false,"footnotes":""},"categories":[109,46],"tags":[599],"class_list":["post-29165","post","type-post","status-publish","format-standard","has-post-thumbnail","hentry","category-minuto-a-minuto","category-zona-blanca","tag-instituto-estatal-de-educacion-publica-de-oaxaca"],"jetpack_featured_media_url":"https:\/\/zonaroja.com.mx\/wp-content\/uploads\/2021\/06\/04-IEEPO-1.jpeg","jetpack_sharing_enabled":true,"_links":{"self":[{"href":"https:\/\/zonaroja.com.mx\/index.php?rest_route=\/wp\/v2\/posts\/29165","targetHints":{"allow":["GET"]}}],"collection":[{"href":"https:\/\/zonaroja.com.mx\/index.php?rest_route=\/wp\/v2\/posts"}],"about":[{"href":"https:\/\/zonaroja.com.mx\/index.php?rest_route=\/wp\/v2\/types\/post"}],"author":[{"embeddable":true,"href":"https:\/\/zonaroja.com.mx\/index.php?rest_route=\/wp\/v2\/users\/2"}],"replies":[{"embeddable":true,"href":"https:\/\/zonaroja.com.mx\/index.php?rest_route=%2Fwp%2Fv2%2Fcomments&post=29165"}],"version-history":[{"count":1,"href":"https:\/\/zonaroja.com.mx\/index.php?rest_route=\/wp\/v2\/posts\/29165\/revisions"}],"predecessor-version":[{"id":29167,"href":"https:\/\/zonaroja.com.mx\/index.php?rest_route=\/wp\/v2\/posts\/29165\/revisions\/29167"}],"wp:featuredmedia":[{"embeddable":true,"href":"https:\/\/zonaroja.com.mx\/index.php?rest_route=\/wp\/v2\/media\/29166"}],"wp:attachment":[{"href":"https:\/\/zonaroja.com.mx\/index.php?rest_route=%2Fwp%2Fv2%2Fmedia&parent=29165"}],"wp:term":[{"taxonomy":"category","embeddable":true,"href":"https:\/\/zonaroja.com.mx\/index.php?rest_route=%2Fwp%2Fv2%2Fcategories&post=29165"},{"taxonomy":"post_tag","embeddable":true,"href":"https:\/\/zonaroja.com.mx\/index.php?rest_route=%2Fwp%2Fv2%2Ftags&post=29165"}],"curies":[{"name":"wp","href":"https:\/\/api.w.org\/{rel}","templated":true}]}}