{"id":29168,"date":"2021-06-30T08:18:48","date_gmt":"2021-06-30T13:18:48","guid":{"rendered":"http:\/\/www.zonaroja.com.mx\/?p=29168"},"modified":"2021-06-30T08:18:51","modified_gmt":"2021-06-30T13:18:51","slug":"opinion-gesta-patriotica-mas-bien","status":"publish","type":"post","link":"https:\/\/zonaroja.com.mx\/?p=29168","title":{"rendered":"Opini\u00f3n. Gesta patri\u00f3tica m\u00e1s bien"},"content":{"rendered":"\n<p>Gibr\u00e1n Ram\u00edrez Reyes*<\/p>\n\n\n\n<p>Carlos Elizondo dedic\u00f3 su art\u00edculo de este domingo a reflexionar sobre el mercado el\u00e9ctrico a ra\u00edz de un tuit m\u00edo sobre la lucha que libra Manuel Bartlett al frente de la CFE.<\/p>\n\n\n\n<p>Distorsiona lo que dije, pero, m\u00e1s que aclarar, contesto. En 2018, dice Elizondo, la CFE ganaba 27 mil millones de pesos, mientras hoy pierde 78 mil. Es verdad, pero eso s\u00f3lo indica lo opuesto a lo que sostiene.<\/p>\n\n\n\n<p>Los primeros contratos de la reforma energ\u00e9tica pe\u00f1ista iniciaron sus operaciones hacia finales de ese a\u00f1o &#8211;por lo que no es un punto de comparaci\u00f3n v\u00e1lido&#8211;. Lo que hoy vemos y se quiere detener son precisamente los efectos de esa puesta en marcha posterior.<\/p>\n\n\n\n<p>Dice Elizondo: \u201csi lograr la hegemon\u00eda de la CFE en el mercado el\u00e9ctrico es la batalla m\u00e1s importante de la Cuarta Transformaci\u00f3n, ya perdieron la br\u00fajula\u201d.<\/p>\n\n\n\n<p>No es eso lo que se busca, sino generar las condiciones para el desarrollo nacional. La energ\u00eda, en todo el mundo, es un tema estrat\u00e9gico multidimensional, no de libre mercado.<\/p>\n\n\n\n<p>Para que la gente pueda vivir bien debe garantizarse no solamente la competencia y bajos costos, sino la seguridad, la continuidad, la sostenibilidad y la calidad del servicio de energ\u00eda el\u00e9ctrica. Sin eso, no hay desarrollo, no hay servicios b\u00e1sicos, no hay justicia social.<\/p>\n\n\n\n<p>Contin\u00faa: \u201cante el desprecio por el conocimiento t\u00e9cnico sobre c\u00f3mo debe estar organizado dicho mercado, est\u00e1n enfrascados en una batalla contra unos molinos de viento. El objetivo de la pol\u00edtica el\u00e9ctrica deber\u00eda ser dotar de electricidad, producida a bajo costo y con baja emisi\u00f3n de contaminantes, a todo el que la demande\u201d.<\/p>\n\n\n\n<p>Se trata de otro error. Reducir la pol\u00edtica energ\u00e9tica al c\u00e1lculo de costos, como si de cualquier mercanc\u00eda se tratara, ha tenido terribles consecuencias all\u00ed donde ha sucedido.<\/p>\n\n\n\n<p>La principal es la inestabilidad de la red. Texas y California, sus im\u00e1genes de heladas, incendios y apagones, no son casualidades clim\u00e1ticas sino la imagen del desprecio a la planificaci\u00f3n y al conocimiento t\u00e9cnico, a su vez causado por el dogma del libre mercado.<\/p>\n\n\n\n<p>Su sistema, privatizado, recort\u00f3 en nombre de las energ\u00edas limpias sus posibilidades de cubrir la demanda de energ\u00eda. Para mantener artificialmente bajos los precios, por ejemplo, no cargaban con los costos de transmisi\u00f3n y mantenimiento de la red \u2014la misma enga\u00f1ifa que intentan en M\u00e9xico.<\/p>\n\n\n\n<p>La transmisi\u00f3n que no pagan engorda las ganancias de los accionistas, mientras el suministro deja de ser continuo cuando no se considera rentable. Ese es el sitio al que quieren llevarnos: castigar a los pobres, incrementar a sus costillas las ganancias de las trasnacionales.<\/p>\n\n\n\n<p>No es cierto que las energ\u00edas renovables sean m\u00e1s baratas. Eso sucede en M\u00e9xico porque la ley y la corrupci\u00f3n exent\u00f3 a sus due\u00f1os de costos de enorme magnitud, como la cobertura de energ\u00eda ante intermitencias (que implica que siempre haya disponibilidad de fuentes que puedan sustituirlas r\u00e1pidamente) o la transmisi\u00f3n que aqu\u00ed se subsidia con recursos p\u00fablicos, lo mismo que otros costes que se generan para el conjunto de la red.<\/p>\n\n\n\n<p>En otros pa\u00edses los generadores privados cargan con esto. En M\u00e9xico es el estado, huachicoleado por trasnacionales que cometen fraude a la ley. No es una gesta heroica, sino apenas el modesto arreglo de un desastre multidimensional. Es, eso s\u00ed, una gesta patri\u00f3tica.<\/p>\n\n\n\n<p>*Doctor en Ciencia Pol\u00edtica por la UNAM.<\/p>\n","protected":false},"excerpt":{"rendered":"<p>Gibr\u00e1n Ram\u00edrez Reyes* Carlos Elizondo dedic\u00f3 su art\u00edculo de este domingo a reflexionar sobre el&hellip;<\/p>\n","protected":false},"author":2,"featured_media":24099,"comment_status":"closed","ping_status":"open","sticky":false,"template":"","format":"standard","meta":{"_lmt_disableupdate":"","_lmt_disable":"","_jetpack_memberships_contains_paid_content":false,"footnotes":""},"categories":[456,109],"tags":[2489],"class_list":["post-29168","post","type-post","status-publish","format-standard","has-post-thumbnail","hentry","category-columna","category-minuto-a-minuto","tag-gibran-ramirez-reyes"],"jetpack_featured_media_url":"https:\/\/zonaroja.com.mx\/wp-content\/uploads\/2021\/02\/Gibran-Ramirez-Reyes.jpg","jetpack_sharing_enabled":true,"_links":{"self":[{"href":"https:\/\/zonaroja.com.mx\/index.php?rest_route=\/wp\/v2\/posts\/29168","targetHints":{"allow":["GET"]}}],"collection":[{"href":"https:\/\/zonaroja.com.mx\/index.php?rest_route=\/wp\/v2\/posts"}],"about":[{"href":"https:\/\/zonaroja.com.mx\/index.php?rest_route=\/wp\/v2\/types\/post"}],"author":[{"embeddable":true,"href":"https:\/\/zonaroja.com.mx\/index.php?rest_route=\/wp\/v2\/users\/2"}],"replies":[{"embeddable":true,"href":"https:\/\/zonaroja.com.mx\/index.php?rest_route=%2Fwp%2Fv2%2Fcomments&post=29168"}],"version-history":[{"count":1,"href":"https:\/\/zonaroja.com.mx\/index.php?rest_route=\/wp\/v2\/posts\/29168\/revisions"}],"predecessor-version":[{"id":29169,"href":"https:\/\/zonaroja.com.mx\/index.php?rest_route=\/wp\/v2\/posts\/29168\/revisions\/29169"}],"wp:featuredmedia":[{"embeddable":true,"href":"https:\/\/zonaroja.com.mx\/index.php?rest_route=\/wp\/v2\/media\/24099"}],"wp:attachment":[{"href":"https:\/\/zonaroja.com.mx\/index.php?rest_route=%2Fwp%2Fv2%2Fmedia&parent=29168"}],"wp:term":[{"taxonomy":"category","embeddable":true,"href":"https:\/\/zonaroja.com.mx\/index.php?rest_route=%2Fwp%2Fv2%2Fcategories&post=29168"},{"taxonomy":"post_tag","embeddable":true,"href":"https:\/\/zonaroja.com.mx\/index.php?rest_route=%2Fwp%2Fv2%2Ftags&post=29168"}],"curies":[{"name":"wp","href":"https:\/\/api.w.org\/{rel}","templated":true}]}}