{"id":29170,"date":"2021-06-30T09:24:32","date_gmt":"2021-06-30T14:24:32","guid":{"rendered":"http:\/\/www.zonaroja.com.mx\/?p=29170"},"modified":"2021-06-30T09:24:35","modified_gmt":"2021-06-30T14:24:35","slug":"enesima-masacre-en-tamaulipas-ahora-9-muertos","status":"publish","type":"post","link":"https:\/\/zonaroja.com.mx\/?p=29170","title":{"rendered":"En\u00e9sima masacre en Tamaulipas, ahora 9 muertos"},"content":{"rendered":"\n<p>Redacci\u00f3n\/Zona Roja Cdmx.<\/p>\n\n\n\n<p>Ciudad de M\u00e9xico, 30 de junio de 2021.- Una en\u00e9sima masacre se registr\u00f3 ayer en el estado de Tamaulipas.<\/p>\n\n\n\n<p>En la ciudad de Miguel Alem\u00e1n, presuntos grupos criminales se enfrentaron, con saldo de nueve personas muertas, cuyos cuerpos que quedaron sobre la carretera Ribere\u00f1a en el poblado Los Guerra.<\/p>\n\n\n\n<p>Desde la madrugada vecinos reportaron haber escuchado detonaciones, que seg\u00fan fuentes extraoficiales se debieron a una confrontaci\u00f3n, a la entrada de la colonia Am\u00e9rico Villarreal, entre presuntos integrantes de los c\u00e1rteles del Noreste y del Golfo.<\/p>\n\n\n\n<p>Ambos grupos criminales se disputan el control del trasiego de drogas, migrantes y contrabando en la denominada frontera chica, conformada por los municipios de Guerrero, Miguel Alem\u00e1n, Mier, Camargo y Gustavo D\u00edaz Ordaz.<\/p>\n\n\n\n<p>En este contexto, Luis Alberto Rodr\u00edguez Ju\u00e1rez, vocero de seguridad de Tamaulipas, inform\u00f3 que, de acuerdo con las indagatorias, dos de los detenidos por su presunta participaci\u00f3n en los homicidios perpetrados el 19 de junio en Reynosa estaban reportados como desaparecidos, pero sus familiares retiraron las denuncias. Uno de ellos enfrenta proceso por robo de autom\u00f3viles.<\/p>\n\n\n\n<p>Ante los se\u00f1alamientos de familiares que aseguran que los sujetos fueron incriminados mediante tortura, el funcionario indic\u00f3 que de acuerdo con las investigaciones periciales no fue as\u00ed y las lesiones que reportan son irrelevantes; a\u00f1adi\u00f3 que en ocasiones los inculpados recurren a argucias para no ser vinculados a proceso judicial.<\/p>\n\n\n\n<p>(Con informaci\u00f3n de \u00abLa Jornada\u00bb)<\/p>\n","protected":false},"excerpt":{"rendered":"<p>Redacci\u00f3n\/Zona Roja Cdmx. Ciudad de M\u00e9xico, 30 de junio de 2021.- Una en\u00e9sima masacre se&hellip;<\/p>\n","protected":false},"author":2,"featured_media":7486,"comment_status":"closed","ping_status":"open","sticky":false,"template":"","format":"standard","meta":{"_lmt_disableupdate":"","_lmt_disable":"","_jetpack_memberships_contains_paid_content":false,"footnotes":""},"categories":[109,51],"tags":[2771],"class_list":["post-29170","post","type-post","status-publish","format-standard","has-post-thumbnail","hentry","category-minuto-a-minuto","category-zona-roja","tag-masacre-tamaulipas"],"jetpack_featured_media_url":"https:\/\/zonaroja.com.mx\/wp-content\/uploads\/2020\/01\/Escena-del-crimen7.jpg","jetpack_sharing_enabled":true,"_links":{"self":[{"href":"https:\/\/zonaroja.com.mx\/index.php?rest_route=\/wp\/v2\/posts\/29170","targetHints":{"allow":["GET"]}}],"collection":[{"href":"https:\/\/zonaroja.com.mx\/index.php?rest_route=\/wp\/v2\/posts"}],"about":[{"href":"https:\/\/zonaroja.com.mx\/index.php?rest_route=\/wp\/v2\/types\/post"}],"author":[{"embeddable":true,"href":"https:\/\/zonaroja.com.mx\/index.php?rest_route=\/wp\/v2\/users\/2"}],"replies":[{"embeddable":true,"href":"https:\/\/zonaroja.com.mx\/index.php?rest_route=%2Fwp%2Fv2%2Fcomments&post=29170"}],"version-history":[{"count":1,"href":"https:\/\/zonaroja.com.mx\/index.php?rest_route=\/wp\/v2\/posts\/29170\/revisions"}],"predecessor-version":[{"id":29171,"href":"https:\/\/zonaroja.com.mx\/index.php?rest_route=\/wp\/v2\/posts\/29170\/revisions\/29171"}],"wp:featuredmedia":[{"embeddable":true,"href":"https:\/\/zonaroja.com.mx\/index.php?rest_route=\/wp\/v2\/media\/7486"}],"wp:attachment":[{"href":"https:\/\/zonaroja.com.mx\/index.php?rest_route=%2Fwp%2Fv2%2Fmedia&parent=29170"}],"wp:term":[{"taxonomy":"category","embeddable":true,"href":"https:\/\/zonaroja.com.mx\/index.php?rest_route=%2Fwp%2Fv2%2Fcategories&post=29170"},{"taxonomy":"post_tag","embeddable":true,"href":"https:\/\/zonaroja.com.mx\/index.php?rest_route=%2Fwp%2Fv2%2Ftags&post=29170"}],"curies":[{"name":"wp","href":"https:\/\/api.w.org\/{rel}","templated":true}]}}