{"id":29176,"date":"2021-06-30T17:01:21","date_gmt":"2021-06-30T22:01:21","guid":{"rendered":"http:\/\/www.zonaroja.com.mx\/?p=29176"},"modified":"2021-06-30T17:01:25","modified_gmt":"2021-06-30T22:01:25","slug":"mi-hijo-no-es-golpista-nuestra-lucha-no-es-politica-padres-de-ninos-con-cancer","status":"publish","type":"post","link":"https:\/\/zonaroja.com.mx\/?p=29176","title":{"rendered":"\u201cMi hijo no es golpista\u201d; \u201cNuestra lucha no es pol\u00edtica\u201d: padres de ni\u00f1os con c\u00e1ncer"},"content":{"rendered":"\n<p>Evlin Arag\u00f3n\/Zona Roja.<\/p>\n\n\n\n<p>Oaxaca de Ju\u00e1rez, Oax., 30 de junio de 2021.- Familiares de ni\u00f1as y ni\u00f1os que padecen c\u00e1ncer, se unieron hoy a las protestas que se realizan en la capital del pa\u00eds y evidenciaron que el desabasto de medicamentos oncol\u00f3gicos es una constante tambi\u00e9n en Oaxaca e impacta directamente a un aproximado de 350 pacientes, 150 con la enfermedad en activo y 200 m\u00e1s en vigilancia.<\/p>\n\n\n\n<p>\u201cSomos m\u00e1s de 20. Mi hijo no es golpista\u201d, \u201cNuestra lucha no es pol\u00edtica. Mi hijo es real, quimios ya\u201d, y \u201cLas quimioterapias son vida para todos los ni\u00f1os con c\u00e1ncer\u201d, fueron parte de las consignas plasmadas en las cartulinas que utilizaron para la protesta de este mi\u00e9rcoles.&nbsp;<\/p>\n\n\n\n<p>Fue a las afueras del Hospital de la Ni\u00f1ez Oaxaque\u00f1a, ubicado en el municipio de San Bartolo Coyotepec, que una decena de padres y madres de familias, explicaron que el desabasto de medicamentos y apoyos es real; aunque reconocieron que en estos momentos se encuentran respaldados por el gobierno de Oaxaca.&nbsp;<\/p>\n\n\n\n<p>As\u00ed lo dijo Elena Garc\u00eda, madre de Alejandro. ni\u00f1o de cinco a\u00f1os que padece leucemia, quien calific\u00f3 de ignorante al subsecretario de Salud, Hugo L\u00f3pez Gatell, que recientemente declar\u00f3 que se utiliza la enfermedad para golpear al gobierno de Andr\u00e9s Manuel L\u00f3pez Obrador.&nbsp;<\/p>\n\n\n\n<p>\u201cNosotros lo que buscamos son quimioterapias seguras, que nuestros hijos tengan el tratamiento seguro y no estar pensando en c\u00f3mo conseguir los medicamentos\u201d, refiri\u00f3.\u00a0<\/p>\n\n\n\n<figure class=\"wp-block-embed-twitter wp-block-embed is-type-rich is-provider-twitter\"><div class=\"wp-block-embed__wrapper\">\n<div class=\"twitter-tweet\"><blockquote class=\"twitter-tweet\" data-lang=\"es\"><p lang=\"es\" dir=\"ltr\"><a href=\"https:\/\/twitter.com\/hashtag\/%C3%9AltimoMinuto?src=hash&amp;ref_src=twsrc%5Etfw\">#\u00daltimoMinuto<\/a> <br>\u201c\u00a1No somos golpistas! Le responden madres de menores con c\u00e1ncer, que protestan hoy en Oaxaca contra declaraciones de <a href=\"https:\/\/twitter.com\/HLGatell?ref_src=twsrc%5Etfw\">@HLGatell<\/a> y nulo apoyo del <a href=\"https:\/\/twitter.com\/INSABI_mx?ref_src=twsrc%5Etfw\">@INSABI_mx<\/a> y del presidente <a href=\"https:\/\/twitter.com\/lopezobrador_?ref_src=twsrc%5Etfw\">@lopezobrador_<\/a> para adquisici\u00f3n de medicamentos. <a href=\"https:\/\/twitter.com\/julioastillero?ref_src=twsrc%5Etfw\">@julioastillero<\/a> <a href=\"https:\/\/twitter.com\/lopezdoriga?ref_src=twsrc%5Etfw\">@lopezdoriga<\/a> <a href=\"https:\/\/twitter.com\/sdpnoticias?ref_src=twsrc%5Etfw\">@sdpnoticias<\/a> <a href=\"https:\/\/t.co\/Gxhr736r2t\">pic.twitter.com\/Gxhr736r2t<\/a><\/p>&mdash; Zona Roja Oaxaca (@Zona_Roja_Oax) <a href=\"https:\/\/twitter.com\/Zona_Roja_Oax\/status\/1410305721711857665?ref_src=twsrc%5Etfw\">30 de junio de 2021<\/a><\/blockquote><\/div>\n<\/div><\/figure>\n\n\n\n<p>En este mismo sentido, explic\u00f3 que los medicamentos que actualmente cuentan con escases son: Ifosfamida, Ciclofosfamida, Daunorrubicina, Factor VIII, e Imatinib, la mayor\u00eda son sumamente costosos y requieren de m\u00e1s de una toma por mes.&nbsp;<\/p>\n\n\n\n<p>De ah\u00ed que se unieron al reclamo nacional ya que aseguran el gobierno federal, mediante el Instituto de Salud Bienestar (Insabi), \u00fanicamente surte a los hospitales de los estados que se manifiestan, descuidando a los dem\u00e1s, de ah\u00ed que se necesita un movimiento unido en toda la Rep\u00fablica para solucionar la problem\u00e1tica.&nbsp;<\/p>\n\n\n\n<p>\u201cQueremos que el gobierno nos escuche, que escuche a las familias. Que llegue el recurso del Insabi para que el personal m\u00e9dico siga dando la atenci\u00f3n oportuna a nuestros ni\u00f1os\u201d, refiri\u00f3.&nbsp;<\/p>\n\n\n\n<p>As\u00ed mismo, record\u00f3 que en Oaxaca se encuentran muy bien organizados, de ah\u00ed que unos a otros se respaldan cuando tienen alg\u00fan problema con los medicamentos, adem\u00e1s que cuentan con el apoyo del hospital y organizaciones de la sociedad civil.&nbsp;<\/p>\n\n\n\n<p>Pese a lo anterior, indic\u00f3 que es sumamente cruel pensar y hacer creer a la opini\u00f3n p\u00fablica que son golpistas, dicho que solo revela la insensibilidad e ignorancia de la autoridad federal.&nbsp;<\/p>\n\n\n\n<p>\u201cSoy mam\u00e1 de Yaret y mi hija quiere vivir. Queremos que nos garanticen el abasto de medicamentos oncol\u00f3gicos\u201d, expres\u00f3 otra de las madres de familia, a trav\u00e9s de su pancarta.&nbsp;&nbsp;<\/p>\n","protected":false},"excerpt":{"rendered":"<p>Evlin Arag\u00f3n\/Zona Roja. Oaxaca de Ju\u00e1rez, Oax., 30 de junio de 2021.- Familiares de ni\u00f1as&hellip;<\/p>\n","protected":false},"author":2,"featured_media":29177,"comment_status":"closed","ping_status":"open","sticky":false,"template":"","format":"standard","meta":{"_lmt_disableupdate":"","_lmt_disable":"","_jetpack_memberships_contains_paid_content":false,"footnotes":""},"categories":[109,47],"tags":[2209],"class_list":["post-29176","post","type-post","status-publish","format-standard","has-post-thumbnail","hentry","category-minuto-a-minuto","category-zona-gris","tag-protesta-de-padres-de-ninos-con-cancer"],"jetpack_featured_media_url":"https:\/\/zonaroja.com.mx\/wp-content\/uploads\/2021\/06\/Protesta-ninos-con-cancer-Oaxaca.jpg","jetpack_sharing_enabled":true,"_links":{"self":[{"href":"https:\/\/zonaroja.com.mx\/index.php?rest_route=\/wp\/v2\/posts\/29176","targetHints":{"allow":["GET"]}}],"collection":[{"href":"https:\/\/zonaroja.com.mx\/index.php?rest_route=\/wp\/v2\/posts"}],"about":[{"href":"https:\/\/zonaroja.com.mx\/index.php?rest_route=\/wp\/v2\/types\/post"}],"author":[{"embeddable":true,"href":"https:\/\/zonaroja.com.mx\/index.php?rest_route=\/wp\/v2\/users\/2"}],"replies":[{"embeddable":true,"href":"https:\/\/zonaroja.com.mx\/index.php?rest_route=%2Fwp%2Fv2%2Fcomments&post=29176"}],"version-history":[{"count":1,"href":"https:\/\/zonaroja.com.mx\/index.php?rest_route=\/wp\/v2\/posts\/29176\/revisions"}],"predecessor-version":[{"id":29178,"href":"https:\/\/zonaroja.com.mx\/index.php?rest_route=\/wp\/v2\/posts\/29176\/revisions\/29178"}],"wp:featuredmedia":[{"embeddable":true,"href":"https:\/\/zonaroja.com.mx\/index.php?rest_route=\/wp\/v2\/media\/29177"}],"wp:attachment":[{"href":"https:\/\/zonaroja.com.mx\/index.php?rest_route=%2Fwp%2Fv2%2Fmedia&parent=29176"}],"wp:term":[{"taxonomy":"category","embeddable":true,"href":"https:\/\/zonaroja.com.mx\/index.php?rest_route=%2Fwp%2Fv2%2Fcategories&post=29176"},{"taxonomy":"post_tag","embeddable":true,"href":"https:\/\/zonaroja.com.mx\/index.php?rest_route=%2Fwp%2Fv2%2Ftags&post=29176"}],"curies":[{"name":"wp","href":"https:\/\/api.w.org\/{rel}","templated":true}]}}