{"id":29179,"date":"2021-06-30T17:29:09","date_gmt":"2021-06-30T22:29:09","guid":{"rendered":"http:\/\/www.zonaroja.com.mx\/?p=29179"},"modified":"2021-06-30T17:35:35","modified_gmt":"2021-06-30T22:35:35","slug":"registra-oaxaca-tres-crimenes-este-miercoles-uno-en-enfrentamiento","status":"publish","type":"post","link":"https:\/\/zonaroja.com.mx\/?p=29179","title":{"rendered":"Registra Oaxaca tres cr\u00edmenes este mi\u00e9rcoles; uno en enfrentamiento"},"content":{"rendered":"\n<p>Ismael Garc\u00eda M.\/Zona Roja.<\/p>\n\n\n\n<p>Oaxaca de Ju\u00e1rez, Oax., 30 de junio de 2021.- En menos de 24 horas, en Oaxaca se han registrado tres homicidios, uno de ellos resultado de un enfrentamiento en la regi\u00f3n del Istmo de Tehuantepec, entre polic\u00edas y presuntos delincuentes.<\/p>\n\n\n\n<p>En el municipio de Santiago Niltepec, al oriente de la zona istme\u00f1a, se registr\u00f3 un choque entre agentes federales y presuntos sicarios, cuando estos \u00faltimos opusieron resistencia a una revisi\u00f3n.<\/p>\n\n\n\n<p>Una persona del sexo masculino qued\u00f3 muerta en el lugar, mientras que al menos cuatro sujetos pudieron darse a la fuga; la v\u00edctima a\u00fan no es identificada.<\/p>\n\n\n\n<p>En tanto, al mediod\u00eda de hoy, cerca del plantel del Colegio de Bachilleres de Oaxaca, en la colonia Campo de Aviaci\u00f3n del municipio de Putla Villa de Guerrero, fue hallado el cad\u00e1ver de un joven.<\/p>\n\n\n\n<p>Presuntamente presenta huellas de violencia; de manera preliminar fue identificado como Obed, de 21 a\u00f1os de edad.<\/p>\n\n\n\n<p>En tanto que, como se inform\u00f3, la madrugada de hoy un individuo fue asesinado a balazos en el destino tur\u00edstico de Puerto Escondido, zona del municipio de San Pedro Mixtepec.<\/p>\n\n\n\n<p>El hoy occiso fue identificado como Juan Carlos G. R., cuyo cuerpo qued\u00f3 en una calle del fraccionamiento Costa Chica.<\/p>\n\n\n\n<p>En tanto que la ma\u00f1ana de hoy, en la avenida del Valle, antigua carretera de acceso a Santa Cruz Xoxocotl\u00e1n, un individuo fue atacado a balazos, en el interior de un local de comida.<\/p>\n\n\n\n<p>La v\u00edctima fue identificada como Marco Antonio P. S., de aproximadamente 40 a\u00f1os de edad, quien fue trasladado a un nosocomio de la capital.<\/p>\n\n\n\n<figure class=\"wp-block-embed-twitter wp-block-embed is-type-rich is-provider-twitter\"><div class=\"wp-block-embed__wrapper\">\n<div class=\"twitter-tweet\"><blockquote class=\"twitter-tweet\" data-lang=\"es\"><p lang=\"es\" dir=\"ltr\"><a href=\"https:\/\/twitter.com\/hashtag\/%C3%9AltimoMinuto?src=hash&amp;ref_src=twsrc%5Etfw\">#\u00daltimoMinuto<\/a> <br>Cada vez crece m\u00e1s la inseguridad en Santa Cruz <a href=\"https:\/\/twitter.com\/hashtag\/Xoxocotl%C3%A1n?src=hash&amp;ref_src=twsrc%5Etfw\">#Xoxocotl\u00e1n<\/a>, <a href=\"https:\/\/twitter.com\/hashtag\/Oaxaca?src=hash&amp;ref_src=twsrc%5Etfw\">#Oaxaca<\/a>. <br>La ma\u00f1ana de hoy fue agredido a balazos un masculino, en un comedor ubicado en la colonia Del Valle. <br>Fue trasladado al Hospital Civil de la capital. <a href=\"https:\/\/t.co\/tcBAuuRIXP\">pic.twitter.com\/tcBAuuRIXP<\/a><\/p>&mdash; Zona Roja Oaxaca (@Zona_Roja_Oax) <a href=\"https:\/\/twitter.com\/Zona_Roja_Oax\/status\/1410274830939738117?ref_src=twsrc%5Etfw\">30 de junio de 2021<\/a><\/blockquote><\/div>\n<\/div><\/figure>\n","protected":false},"excerpt":{"rendered":"<p>Ismael Garc\u00eda M.\/Zona Roja. Oaxaca de Ju\u00e1rez, Oax., 30 de junio de 2021.- En menos&hellip;<\/p>\n","protected":false},"author":2,"featured_media":29180,"comment_status":"closed","ping_status":"open","sticky":false,"template":"","format":"standard","meta":{"_lmt_disableupdate":"","_lmt_disable":"","_jetpack_memberships_contains_paid_content":false,"footnotes":""},"categories":[109,51],"tags":[],"class_list":["post-29179","post","type-post","status-publish","format-standard","has-post-thumbnail","hentry","category-minuto-a-minuto","category-zona-roja"],"jetpack_featured_media_url":"https:\/\/zonaroja.com.mx\/wp-content\/uploads\/2021\/06\/Asesinato-Istmo-Niltepec.jpg","jetpack_sharing_enabled":true,"_links":{"self":[{"href":"https:\/\/zonaroja.com.mx\/index.php?rest_route=\/wp\/v2\/posts\/29179","targetHints":{"allow":["GET"]}}],"collection":[{"href":"https:\/\/zonaroja.com.mx\/index.php?rest_route=\/wp\/v2\/posts"}],"about":[{"href":"https:\/\/zonaroja.com.mx\/index.php?rest_route=\/wp\/v2\/types\/post"}],"author":[{"embeddable":true,"href":"https:\/\/zonaroja.com.mx\/index.php?rest_route=\/wp\/v2\/users\/2"}],"replies":[{"embeddable":true,"href":"https:\/\/zonaroja.com.mx\/index.php?rest_route=%2Fwp%2Fv2%2Fcomments&post=29179"}],"version-history":[{"count":2,"href":"https:\/\/zonaroja.com.mx\/index.php?rest_route=\/wp\/v2\/posts\/29179\/revisions"}],"predecessor-version":[{"id":29182,"href":"https:\/\/zonaroja.com.mx\/index.php?rest_route=\/wp\/v2\/posts\/29179\/revisions\/29182"}],"wp:featuredmedia":[{"embeddable":true,"href":"https:\/\/zonaroja.com.mx\/index.php?rest_route=\/wp\/v2\/media\/29180"}],"wp:attachment":[{"href":"https:\/\/zonaroja.com.mx\/index.php?rest_route=%2Fwp%2Fv2%2Fmedia&parent=29179"}],"wp:term":[{"taxonomy":"category","embeddable":true,"href":"https:\/\/zonaroja.com.mx\/index.php?rest_route=%2Fwp%2Fv2%2Fcategories&post=29179"},{"taxonomy":"post_tag","embeddable":true,"href":"https:\/\/zonaroja.com.mx\/index.php?rest_route=%2Fwp%2Fv2%2Ftags&post=29179"}],"curies":[{"name":"wp","href":"https:\/\/api.w.org\/{rel}","templated":true}]}}