{"id":29184,"date":"2021-06-30T17:47:22","date_gmt":"2021-06-30T22:47:22","guid":{"rendered":"http:\/\/www.zonaroja.com.mx\/?p=29184"},"modified":"2021-06-30T17:47:25","modified_gmt":"2021-06-30T22:47:25","slug":"exige-diputada-justicia-para-periodista-asesinado-en-el-istmo-de-tehuantepec","status":"publish","type":"post","link":"https:\/\/zonaroja.com.mx\/?p=29184","title":{"rendered":"Exige diputada justicia para periodista asesinado en el Istmo de Tehuantepec"},"content":{"rendered":"\n<p>Redacci\u00f3n\/Zona Roja.<\/p>\n\n\n\n<p>Oaxaca de Ju\u00e1rez, Oax., 30 de junio de 2021.- La diputada Magaly L\u00f3pez Dom\u00ednguez, present\u00f3 al Congreso local un punto de acuerdo, mediante el cual se pide a la Fiscal\u00eda General del Estado a cumplir con su obligaci\u00f3n de actuar con la debida diligencia en torno al homicidio del periodista Gustavo S\u00e1nchez Cabrera, asesinado el pasado 17 de junio en un camino que comunica a las poblaciones San Vicente y Morro Mazat\u00e1n, en el Istmo de Tehuantepec.<\/p>\n\n\n\n<p>Lo anterior, agotando la hip\u00f3tesis de que el ataque haya sido en represalia por sus tareas como comunicador, con el fin de que ese crimen no quede en la impunidad.<\/p>\n\n\n\n<p>Adem\u00e1s, la legisladora morenista, hizo un llamado al titular del Poder Ejecutivo del Estado, Alejandro Murat, a cumplir de inmediato con las medidas de protecci\u00f3n solicitadas por las instituciones pertinentes, con el fin de salvaguardar la vida y la integridad de las y los periodistas que se encuentren bajo riesgo por cumplir con el alto ejercicio de informar a la sociedad, con el fin de evitar la repetici\u00f3n de casos como el del periodista Gustavo S\u00e1nchez Cabrera.<\/p>\n\n\n\n<p>De igual forma, el exhorto presentado pide al Gobierno del Estado, preservar la integridad, la vida y la libertad de expresi\u00f3n de las comunicadoras y los comunicadores del estado de Oaxaca que puedan estar en riesgo por el ejercicio de la libertad de expresi\u00f3n, coordin\u00e1ndose para ello de manera efectiva con las propias personas en riesgo.<\/p>\n\n\n\n<figure class=\"wp-block-embed-twitter wp-block-embed is-type-rich is-provider-twitter\"><div class=\"wp-block-embed__wrapper\">\n<div class=\"twitter-tweet\"><blockquote class=\"twitter-tweet\" data-lang=\"es\"><p lang=\"es\" dir=\"ltr\">La diputada <a href=\"https:\/\/twitter.com\/Magaly_LopezOax?ref_src=twsrc%5Etfw\">@Magaly_LopezOax<\/a> exigi\u00f3 hoy en tribuna de la Diputaci\u00f3n Permanente, que la <a href=\"https:\/\/twitter.com\/FISCALIA_GobOax?ref_src=twsrc%5Etfw\">@FISCALIA_GobOax<\/a> no deje impune el asesinato del periodista Gustavo S\u00e1nchez Cabrera, y otros casos de comunicadores ultimados en <a href=\"https:\/\/twitter.com\/hashtag\/Oaxaca?src=hash&amp;ref_src=twsrc%5Etfw\">#Oaxaca<\/a>. <a href=\"https:\/\/t.co\/6fx0661RUd\">pic.twitter.com\/6fx0661RUd<\/a><\/p>&mdash; Zona Roja Oaxaca (@Zona_Roja_Oax) <a href=\"https:\/\/twitter.com\/Zona_Roja_Oax\/status\/1410286863898796042?ref_src=twsrc%5Etfw\">30 de junio de 2021<\/a><\/blockquote><\/div>\n<\/div><\/figure>\n\n\n\n<p>Al hacer uso de la tribuna durante la sesi\u00f3n de la Diputaci\u00f3n Permanente de este d\u00eda, L\u00f3pez Dom\u00ednguez indic\u00f3 que como sociedad no debemos permitir que la impunidad impere sobre el ejercicio de los derechos humanos, como lo es la libertad de expresi\u00f3n. Se\u00f1al\u00f3 que, el asesinato de S\u00e1nchez Cabrera, representa un aterrador recordatorio de c\u00f3mo la impunidad puede ser mortal.<\/p>\n\n\n\n<p>Es importante puntualizar que, el reportero, director de los diarios en l\u00ednea \u201cNoticias Minuto a Minuto\u201d y \u201cLa Nota Roja del Istmo\u201d, ya hab\u00eda sobrevivido a un ataque en junio de 2020, cuando personas armadas penetraron a su domicilio y le dispararon con intenci\u00f3n de asesinarlo. S\u00e1nchez Cabrera hab\u00eda denunciado amenazas de muerte a trav\u00e9s de las redes sociales.<\/p>\n\n\n\n<p>El asesinato fue condenado de inmediato por organizaciones protectoras de periodistas, as\u00ed como por la directora general de la UNESCO y la oficina en M\u00e9xico de la Alta Comisionada de las Naciones Unidas para los Derechos Humanos.<\/p>\n\n\n\n<p>El exhorto antes referido presentado por la diputada Magaly L\u00f3pez, fue turnado a la Comisi\u00f3n Permanente correspondiente para su an\u00e1lisis y dictamen.<\/p>\n","protected":false},"excerpt":{"rendered":"<p>Redacci\u00f3n\/Zona Roja. Oaxaca de Ju\u00e1rez, Oax., 30 de junio de 2021.- La diputada Magaly L\u00f3pez&hellip;<\/p>\n","protected":false},"author":2,"featured_media":29185,"comment_status":"closed","ping_status":"open","sticky":false,"template":"","format":"standard","meta":{"_lmt_disableupdate":"","_lmt_disable":"","_jetpack_memberships_contains_paid_content":false,"footnotes":""},"categories":[109,46],"tags":[192],"class_list":["post-29184","post","type-post","status-publish","format-standard","has-post-thumbnail","hentry","category-minuto-a-minuto","category-zona-blanca","tag-diputada-magaly-lopez-dominguez"],"jetpack_featured_media_url":"https:\/\/zonaroja.com.mx\/wp-content\/uploads\/2021\/06\/FOTO-Diputada-Magaly-Lopez-Dominguez-del-Grupo-Parlamentario-de-Morena.jpeg","jetpack_sharing_enabled":true,"_links":{"self":[{"href":"https:\/\/zonaroja.com.mx\/index.php?rest_route=\/wp\/v2\/posts\/29184","targetHints":{"allow":["GET"]}}],"collection":[{"href":"https:\/\/zonaroja.com.mx\/index.php?rest_route=\/wp\/v2\/posts"}],"about":[{"href":"https:\/\/zonaroja.com.mx\/index.php?rest_route=\/wp\/v2\/types\/post"}],"author":[{"embeddable":true,"href":"https:\/\/zonaroja.com.mx\/index.php?rest_route=\/wp\/v2\/users\/2"}],"replies":[{"embeddable":true,"href":"https:\/\/zonaroja.com.mx\/index.php?rest_route=%2Fwp%2Fv2%2Fcomments&post=29184"}],"version-history":[{"count":1,"href":"https:\/\/zonaroja.com.mx\/index.php?rest_route=\/wp\/v2\/posts\/29184\/revisions"}],"predecessor-version":[{"id":29186,"href":"https:\/\/zonaroja.com.mx\/index.php?rest_route=\/wp\/v2\/posts\/29184\/revisions\/29186"}],"wp:featuredmedia":[{"embeddable":true,"href":"https:\/\/zonaroja.com.mx\/index.php?rest_route=\/wp\/v2\/media\/29185"}],"wp:attachment":[{"href":"https:\/\/zonaroja.com.mx\/index.php?rest_route=%2Fwp%2Fv2%2Fmedia&parent=29184"}],"wp:term":[{"taxonomy":"category","embeddable":true,"href":"https:\/\/zonaroja.com.mx\/index.php?rest_route=%2Fwp%2Fv2%2Fcategories&post=29184"},{"taxonomy":"post_tag","embeddable":true,"href":"https:\/\/zonaroja.com.mx\/index.php?rest_route=%2Fwp%2Fv2%2Ftags&post=29184"}],"curies":[{"name":"wp","href":"https:\/\/api.w.org\/{rel}","templated":true}]}}