{"id":29187,"date":"2021-06-30T20:38:46","date_gmt":"2021-07-01T01:38:46","guid":{"rendered":"http:\/\/www.zonaroja.com.mx\/?p=29187"},"modified":"2021-06-30T20:38:48","modified_gmt":"2021-07-01T01:38:48","slug":"reaparece-don-panchito-comerciantes-se-rebelan-y-corren-a-la-14-de-junio","status":"publish","type":"post","link":"https:\/\/zonaroja.com.mx\/?p=29187","title":{"rendered":"Reaparece \u201cDon Panchito\u201d; comerciantes se rebelan y corren a la \u201c14 de Junio\u201d"},"content":{"rendered":"\n<p>Evlin Arag\u00f3n\/Zona Roja.<\/p>\n\n\n\n<p>Oaxaca de Ju\u00e1rez, Oax., 30 de junio de 2021.- Francisco Mart\u00ednez S\u00e1nchez, alias \u201cDon Panchito\u201d, reapareci\u00f3 ayer mediante una llamada telef\u00f3nica dirigida a la militancia, en la que pidi\u00f3 a las y los integrantes del Frente Popular \u201c14 de Junio\u201d continuar con su lucha.&nbsp;<\/p>\n\n\n\n<p>Sin embargo, ante el c\u00famulo de amenazas y extorsiones por parte de ese grupo, esta tarde comerciantes de productos del campo se rebelaron y los corrieron de un predio de la antigua f\u00e1brica de triplay, al denunciar que los extorsionan con cobros de \u201cpiso\u201d.<\/p>\n\n\n\n<p>LA ARENGA<\/p>\n\n\n\n<p>Ayer, tras la detenci\u00f3n de tres integrantes de la organizaci\u00f3n, uno de ellos Enrique Francisco Mart\u00ednez Ruiz, alias \u201cEl Zanat\u00edn\u201d, hijo del dirigente, quienes fueron capturados el fin de semana en posesi\u00f3n de armas y chalecos antibalas, cerca del mercado de Abasto, en la capital de Oaxaca, el fundador del gremio los llam\u00f3 a reagruparse.<\/p>\n\n\n\n<p>Ayer martes, militantes del Frente Popular iniciaron un bloqueo vial en el crucero del parque del Amor, Perif\u00e9rico y avenida S\u00edmbolos Patrios, para exigir la liberaci\u00f3n de sus agremiados, lugar hasta al cual arribaron elementos de la Polic\u00eda Estatal para retirarlos.<\/p>\n\n\n\n<p>\u201cA todos los compa\u00f1eritos y compa\u00f1eritas de la organizaci\u00f3n de agricultores, les habla el compa\u00f1ero Francisco Mart\u00ednez S\u00e1nchez, mejor conocido como \u2018Don Panchito\u2019 y les pido en estos momentos que unamos nuestras fuerzas, que luchemos juntos en contra de los embates del gobierno\u201d, se escucha en el audio que se comparti\u00f3 con la militancia.&nbsp;<\/p>\n\n\n\n<p>El dirigente que se encuentra pr\u00f3fugo de la justicia y con al menos 36 carpetas de investigaci\u00f3n en su contra, alent\u00f3 a los integrantes mantenerse activos para continuar con su lucha popular, particularmente a quienes de manera cotidiana expenden sus productos en la Central de Abasto, pese a no contar con los permisos necesarios.&nbsp;<\/p>\n\n\n\n<p>Les explic\u00f3 que es el Gobierno del Estado el que ha provocado la movilizaci\u00f3n de la organizaci\u00f3n, toda vez que fueron las autoridades quienes les designaron un espacio para que realizaran su venta diaria, mismo que ahora no les quieren respetar.&nbsp;<\/p>\n\n\n\n<p>De ah\u00ed que pidi\u00f3 a las y los integrantes d la organizaci\u00f3n mantener su presencia en la Central de Abasto, particularmente los d\u00edas de plaza, toda vez que mantendr\u00e1n la exigencia de un espacio digno donde puedan trabajar, incluso un mercado propio que contribuya en la econom\u00eda de decenas de familias.&nbsp;<\/p>\n\n\n\n<p>PERO SE REBELAN<\/p>\n\n\n\n<p>Previo al enlace telef\u00f3nico, la militancia fue obligada a escuchar el mensaje y se le advirti\u00f3 que de no hacerlo podr\u00edan hacerse acreedores de multas; mientras que, al final, muchos asintieron al dicho de \u201cla lucha sigue\u201d&nbsp;<\/p>\n\n\n\n<p>&nbsp;\u201cDon Panchito\u201d critic\u00f3 que Javier Mart\u00ednez busque fragmentar a la organizaci\u00f3n, planteando un deslinde de la misma, situaci\u00f3n que dijo, no aprueba pero que no van a detener. \u201cSi \u00e9l se quiere separar que lo haga oficialmente\u201d, dijo, a la par que advirti\u00f3 a\u00fan encabeza un movimiento social fuerte que se ha convertido en la piedra en el zapato del gobierno.&nbsp;<\/p>\n\n\n\n<p>Poco despu\u00e9s de las seis de la tarde de hoy, comerciantes oaxaque\u00f1os vendedores de frutas y verduras convocaron a una conferencia en la antigua f\u00e1brica de triplay, en las riberas del r\u00edo \u201cAtoyac\u201d, para denunciar los atropellos de la \u201c14 de Junio\u201d.<\/p>\n\n\n\n<p>Demandaron la aprehensi\u00f3n de quienes les cobran \u201cpiso\u201d de hasta 100 pesos diarios y otras cuotas en caso de no acudir a las movilizaciones a las que son convocados.<\/p>\n\n\n\n<p>Incluso tras la conferencia, quemaron lonas alusivas al Frente Popular, para deslindarse totalmente de ellos; pidieron a las autoridades estatales y municipales resguardar la zona, con la finalidad de evitar la llegada de los delincuentes.<\/p>\n","protected":false},"excerpt":{"rendered":"<p>Evlin Arag\u00f3n\/Zona Roja. Oaxaca de Ju\u00e1rez, Oax., 30 de junio de 2021.- Francisco Mart\u00ednez S\u00e1nchez,&hellip;<\/p>\n","protected":false},"author":2,"featured_media":29191,"comment_status":"closed","ping_status":"open","sticky":false,"template":"","format":"standard","meta":{"_lmt_disableupdate":"","_lmt_disable":"","_jetpack_memberships_contains_paid_content":false,"footnotes":""},"categories":[1],"tags":[],"class_list":["post-29187","post","type-post","status-publish","format-standard","has-post-thumbnail","hentry","category-sin-categoria"],"jetpack_featured_media_url":"https:\/\/zonaroja.com.mx\/wp-content\/uploads\/2021\/06\/Se-rebelan-tomateros-comerciantes-14-de-Junio.jpg","jetpack_sharing_enabled":true,"_links":{"self":[{"href":"https:\/\/zonaroja.com.mx\/index.php?rest_route=\/wp\/v2\/posts\/29187","targetHints":{"allow":["GET"]}}],"collection":[{"href":"https:\/\/zonaroja.com.mx\/index.php?rest_route=\/wp\/v2\/posts"}],"about":[{"href":"https:\/\/zonaroja.com.mx\/index.php?rest_route=\/wp\/v2\/types\/post"}],"author":[{"embeddable":true,"href":"https:\/\/zonaroja.com.mx\/index.php?rest_route=\/wp\/v2\/users\/2"}],"replies":[{"embeddable":true,"href":"https:\/\/zonaroja.com.mx\/index.php?rest_route=%2Fwp%2Fv2%2Fcomments&post=29187"}],"version-history":[{"count":1,"href":"https:\/\/zonaroja.com.mx\/index.php?rest_route=\/wp\/v2\/posts\/29187\/revisions"}],"predecessor-version":[{"id":29188,"href":"https:\/\/zonaroja.com.mx\/index.php?rest_route=\/wp\/v2\/posts\/29187\/revisions\/29188"}],"wp:featuredmedia":[{"embeddable":true,"href":"https:\/\/zonaroja.com.mx\/index.php?rest_route=\/wp\/v2\/media\/29191"}],"wp:attachment":[{"href":"https:\/\/zonaroja.com.mx\/index.php?rest_route=%2Fwp%2Fv2%2Fmedia&parent=29187"}],"wp:term":[{"taxonomy":"category","embeddable":true,"href":"https:\/\/zonaroja.com.mx\/index.php?rest_route=%2Fwp%2Fv2%2Fcategories&post=29187"},{"taxonomy":"post_tag","embeddable":true,"href":"https:\/\/zonaroja.com.mx\/index.php?rest_route=%2Fwp%2Fv2%2Ftags&post=29187"}],"curies":[{"name":"wp","href":"https:\/\/api.w.org\/{rel}","templated":true}]}}