{"id":29189,"date":"2021-06-30T20:11:27","date_gmt":"2021-07-01T01:11:27","guid":{"rendered":"http:\/\/www.zonaroja.com.mx\/?p=29189"},"modified":"2021-06-30T20:11:29","modified_gmt":"2021-07-01T01:11:29","slug":"ordenan-a-personal-de-salud-en-oaxaca-regresar-a-labores-presenciales","status":"publish","type":"post","link":"https:\/\/zonaroja.com.mx\/?p=29189","title":{"rendered":"Ordenan a personal de Salud en Oaxaca regresar a labores presenciales"},"content":{"rendered":"\n<p>Evlin Arag\u00f3n\/Zona Roja.<\/p>\n\n\n\n<p>Oaxaca de Ju\u00e1rez, Oax., 30 de junio de 2021.- Aun con la pandemia vigente en la entidad e incluso con una ligera alza en cuanto al n\u00famero de contagios por Covid-19, el personal de los Servicios de Salud de Oaxaca ha sido convocado para regresar a sus actividades de manera presencial, a partir de este jueves 1 de julio.&nbsp;<\/p>\n\n\n\n<p>As\u00ed lo pone de manifiesto el m\u00e1s reciente oficio emitido por el director administrativo de los SSO, Ricardo Javier P\u00e1ez L\u00f3pez, que comunica al todo el personal sin excepci\u00f3n deber\u00e1 reiniciar sus actividades laborales en su lugar de adscripci\u00f3n en las jornadas y horario de trabajo que tienen asignados.&nbsp;<\/p>\n\n\n\n<p>Lo anterior en apego a las Condiciones Generales de Trabajo y explicando que la disposici\u00f3n entra en vigor a partir del este jueves, primero de julio.&nbsp;<\/p>\n\n\n\n<p>\u201cEn alcance a la circula 019 de fecha cuatro de mayo del a\u00f1o en curso dirigido al personal que ha recibido el esquema completo de la vacuna contra el virus SAR-CoV2, as\u00ed como al que por decisi\u00f3n propia optaron por no aplic\u00e1rsela, se comunica que todo el personal sin excepci\u00f3n alguna de los Servicio de Salud de Oaxaca deber\u00e1 reiniciar sus actividades laborales en su lugar de adscripci\u00f3n en las jornadas y horarios de trabajo que tienen asignados\u201d, refiere el documento.<\/p>\n\n\n\n<p>Previamente a finales de mayo y principios de junio, el personal administrativo de las diferentes Jurisdicciones Sanitarias de los SSO fue llamado a presentarse a sus centros de trabajo para desempe\u00f1ar sus funciones tal y suced\u00eda antes de la pandemia.&nbsp;<\/p>\n\n\n\n<p>Y es que, al igual que otras dependencias del Gobierno del Estado, muchas de las actividades se resolv\u00edan mediante la modalidad en l\u00ednea, tras el confinamiento que se dio desde abril del 2020, aunque hab\u00eda guardias presenciales en todas las \u00e1reas de salud, tal y como refiri\u00f3 la Secretar\u00eda de Salud.<\/p>\n\n\n\n<p>Cabe se\u00f1alar que fue el personal sanitario, el primer sector en recibir la vacuna contra la Covid-19, ello no sin presentar complicaciones al respecto, toda vez que hubo denuncias por parte de trabajadoras y trabajadores de la regi\u00f3n del Istmo de Tehuantepec, con relaci\u00f3n al actuar de las autoridades.&nbsp;<\/p>\n\n\n\n<p>En Oaxaca las cifras m\u00e1s recientes en torno a la pandemia refieren 48 mil 516 casos positivos acumulados de Covid-19, y lamentablemente 3 mil 960 defunciones; algunos especialistas advierten una posible tercera ola de contagios en caso de bajar la guardia.<\/p>\n","protected":false},"excerpt":{"rendered":"<p>Evlin Arag\u00f3n\/Zona Roja. Oaxaca de Ju\u00e1rez, Oax., 30 de junio de 2021.- Aun con la&hellip;<\/p>\n","protected":false},"author":2,"featured_media":9515,"comment_status":"closed","ping_status":"open","sticky":false,"template":"","format":"standard","meta":{"_lmt_disableupdate":"","_lmt_disable":"","_jetpack_memberships_contains_paid_content":false,"footnotes":""},"categories":[109,47],"tags":[1005],"class_list":["post-29189","post","type-post","status-publish","format-standard","has-post-thumbnail","hentry","category-minuto-a-minuto","category-zona-gris","tag-servicios-de-salud-de-oaxaca-sso"],"jetpack_featured_media_url":"https:\/\/zonaroja.com.mx\/wp-content\/uploads\/2020\/03\/Servicios-de-Salud-de-Oaxaca.png","jetpack_sharing_enabled":true,"_links":{"self":[{"href":"https:\/\/zonaroja.com.mx\/index.php?rest_route=\/wp\/v2\/posts\/29189","targetHints":{"allow":["GET"]}}],"collection":[{"href":"https:\/\/zonaroja.com.mx\/index.php?rest_route=\/wp\/v2\/posts"}],"about":[{"href":"https:\/\/zonaroja.com.mx\/index.php?rest_route=\/wp\/v2\/types\/post"}],"author":[{"embeddable":true,"href":"https:\/\/zonaroja.com.mx\/index.php?rest_route=\/wp\/v2\/users\/2"}],"replies":[{"embeddable":true,"href":"https:\/\/zonaroja.com.mx\/index.php?rest_route=%2Fwp%2Fv2%2Fcomments&post=29189"}],"version-history":[{"count":1,"href":"https:\/\/zonaroja.com.mx\/index.php?rest_route=\/wp\/v2\/posts\/29189\/revisions"}],"predecessor-version":[{"id":29190,"href":"https:\/\/zonaroja.com.mx\/index.php?rest_route=\/wp\/v2\/posts\/29189\/revisions\/29190"}],"wp:featuredmedia":[{"embeddable":true,"href":"https:\/\/zonaroja.com.mx\/index.php?rest_route=\/wp\/v2\/media\/9515"}],"wp:attachment":[{"href":"https:\/\/zonaroja.com.mx\/index.php?rest_route=%2Fwp%2Fv2%2Fmedia&parent=29189"}],"wp:term":[{"taxonomy":"category","embeddable":true,"href":"https:\/\/zonaroja.com.mx\/index.php?rest_route=%2Fwp%2Fv2%2Fcategories&post=29189"},{"taxonomy":"post_tag","embeddable":true,"href":"https:\/\/zonaroja.com.mx\/index.php?rest_route=%2Fwp%2Fv2%2Ftags&post=29189"}],"curies":[{"name":"wp","href":"https:\/\/api.w.org\/{rel}","templated":true}]}}