{"id":29192,"date":"2021-06-30T21:13:31","date_gmt":"2021-07-01T02:13:31","guid":{"rendered":"http:\/\/www.zonaroja.com.mx\/?p=29192"},"modified":"2021-06-30T21:13:35","modified_gmt":"2021-07-01T02:13:35","slug":"istmo-en-alerta-por-aumento-de-covid-19-tehuantepec-a-naranja","status":"publish","type":"post","link":"https:\/\/zonaroja.com.mx\/?p=29192","title":{"rendered":"Istmo en alerta por aumento de Covid-19; Tehuantepec a naranja"},"content":{"rendered":"\n<p>Evlin Arag\u00f3n\/Zona Roja.<\/p>\n\n\n\n<p>Oaxaca de Ju\u00e1rez, Oax., 30 de junio de 2021.- La regi\u00f3n del Istmo de Tehuantepec figura nuevamente como foco rojo, en la entidad oaxaque\u00f1a, debido a la preocupaci\u00f3n que ha generado el aumento de casos por Covid-19, en los \u00faltimos d\u00edas.&nbsp;<\/p>\n\n\n\n<p>De manera particular los municipios de Santo Domingo Tehuantepec, Juchit\u00e1n de Zaragoza, Salina Cruz y Santo Domingo Ingenio han dado a conocer el alza en la cadena de contagios, de ah\u00ed la necesidad de implementar acciones que permitan frenar la propagaci\u00f3n del virus.&nbsp;<\/p>\n\n\n\n<p>Hace unas horas, el municipio de Santo Domingo Tehuantepec, encabezado por Vilma Mart\u00ednez Cort\u00e9s, acord\u00f3 intensificar las medidas sanitarias en la demarcaci\u00f3n debido a que el \u00edndice de casos ha incrementado recientemente.<\/p>\n\n\n\n<p>Por lo anterior, las autoridades decidieron transitar al color naranja, en el sem\u00e1foro epidemiol\u00f3gico y retomar medidas de espec\u00edficas como el acordonamiento de los parques p\u00fablicos, y la reducci\u00f3n de aforos y horarios en los establecimientos comerciales y mercados.&nbsp;<\/p>\n\n\n\n<p>As\u00ed mismo acordaron la reducci\u00f3n del 50 por ciento de la capacidad de establecimientos de recreaci\u00f3n como: bares, centros botaneros, discotecas, centros nocturnos y dep\u00f3sitos, mismos que adem\u00e1s permanecer\u00e1n cerrados los fines de semana.&nbsp;<\/p>\n\n\n\n<p>En este mismo, sentido tomaron la decisi\u00f3n de cerrar los panteones municipales, intensificar las campa\u00f1as de difusi\u00f3n y concientizaci\u00f3n de las medidas sanitarias establecidas desde el inicio de la pandemia, e instalar mesas de trabajo con diferentes sectores de la poblaci\u00f3n a fin de contrarrestar la propagaci\u00f3n del Covid-19.<\/p>\n\n\n\n<p>Apenas este martes, el municipio de Juchit\u00e1n de Zaragoza, representado por Emilio Montero, se declar\u00f3 en sem\u00e1foro rojo ante la ola de contagios que se han registrado en la \u00faltima semana.&nbsp;<\/p>\n\n\n\n<p>En sesi\u00f3n de Cabildo, la autoridad municipal anunci\u00f3 la restricci\u00f3n en la venta de bebidas alcoh\u00f3licas, la reducci\u00f3n del 50 por ciento de aforo en bancos, supermercados, tiendas de convivencia, espacios deportivos y de esparcimiento; adem\u00e1s de prohibir fiestas y reuniones.<\/p>\n\n\n\n<p>Misma situaci\u00f3n la que se vive en Salina Cruz que, mediante un video publicado en sus redes sociales, la autoridad municipal, encabezada por Juan Carlos Ateca Altamirano, anunci\u00f3 que debido al relajamiento de las medidas preventivas se dispararon los casos en las \u00faltimas semanas, por lo que ser\u00eda necesario retomar las medidas de mitigaci\u00f3n.&nbsp;<\/p>\n\n\n\n<p>Mientras que, en Santo Domingo Ingenio, fue desde el 21 de junio que se anunci\u00f3 la reactivaci\u00f3n de las acciones restrictivas de las actividades econ\u00f3micas para evitar mayor n\u00famero de contagios y frenar la propagaci\u00f3n del virus.&nbsp;<\/p>\n","protected":false},"excerpt":{"rendered":"<p>Evlin Arag\u00f3n\/Zona Roja. Oaxaca de Ju\u00e1rez, Oax., 30 de junio de 2021.- La regi\u00f3n del&hellip;<\/p>\n","protected":false},"author":2,"featured_media":13382,"comment_status":"closed","ping_status":"open","sticky":false,"template":"","format":"standard","meta":{"_lmt_disableupdate":"","_lmt_disable":"","_jetpack_memberships_contains_paid_content":false,"footnotes":""},"categories":[109,47],"tags":[1512],"class_list":["post-29192","post","type-post","status-publish","format-standard","has-post-thumbnail","hentry","category-minuto-a-minuto","category-zona-gris","tag-coronavirus-oaxaca"],"jetpack_featured_media_url":"https:\/\/zonaroja.com.mx\/wp-content\/uploads\/2020\/06\/Coronavirus-2.jpg","jetpack_sharing_enabled":true,"_links":{"self":[{"href":"https:\/\/zonaroja.com.mx\/index.php?rest_route=\/wp\/v2\/posts\/29192","targetHints":{"allow":["GET"]}}],"collection":[{"href":"https:\/\/zonaroja.com.mx\/index.php?rest_route=\/wp\/v2\/posts"}],"about":[{"href":"https:\/\/zonaroja.com.mx\/index.php?rest_route=\/wp\/v2\/types\/post"}],"author":[{"embeddable":true,"href":"https:\/\/zonaroja.com.mx\/index.php?rest_route=\/wp\/v2\/users\/2"}],"replies":[{"embeddable":true,"href":"https:\/\/zonaroja.com.mx\/index.php?rest_route=%2Fwp%2Fv2%2Fcomments&post=29192"}],"version-history":[{"count":1,"href":"https:\/\/zonaroja.com.mx\/index.php?rest_route=\/wp\/v2\/posts\/29192\/revisions"}],"predecessor-version":[{"id":29193,"href":"https:\/\/zonaroja.com.mx\/index.php?rest_route=\/wp\/v2\/posts\/29192\/revisions\/29193"}],"wp:featuredmedia":[{"embeddable":true,"href":"https:\/\/zonaroja.com.mx\/index.php?rest_route=\/wp\/v2\/media\/13382"}],"wp:attachment":[{"href":"https:\/\/zonaroja.com.mx\/index.php?rest_route=%2Fwp%2Fv2%2Fmedia&parent=29192"}],"wp:term":[{"taxonomy":"category","embeddable":true,"href":"https:\/\/zonaroja.com.mx\/index.php?rest_route=%2Fwp%2Fv2%2Fcategories&post=29192"},{"taxonomy":"post_tag","embeddable":true,"href":"https:\/\/zonaroja.com.mx\/index.php?rest_route=%2Fwp%2Fv2%2Ftags&post=29192"}],"curies":[{"name":"wp","href":"https:\/\/api.w.org\/{rel}","templated":true}]}}