{"id":29199,"date":"2021-07-01T07:41:57","date_gmt":"2021-07-01T12:41:57","guid":{"rendered":"http:\/\/www.zonaroja.com.mx\/?p=29199"},"modified":"2021-07-01T07:42:00","modified_gmt":"2021-07-01T12:42:00","slug":"condena-gobierno-federal-crimenes-de-dos-profesores-en-oaxaca","status":"publish","type":"post","link":"https:\/\/zonaroja.com.mx\/?p=29199","title":{"rendered":"Condena gobierno federal cr\u00edmenes de dos profesores en Oaxaca"},"content":{"rendered":"\n<p>Redacci\u00f3n\/Zona Roja.<\/p>\n\n\n\n<p>Oaxaca de Ju\u00e1rez, Oax., 1 de julio de 2021.- El gobierno que encabeza Andr\u00e9s Manuel L\u00f3pez Obrador, a trav\u00e9s del Instituto Nacional de Pueblos Ind\u00edgenas (INPI), conden\u00f3 el crimen de dos profesores, hombre y mujer, perpetrado el pasado lunes 28 de junio en la zona triqui de Oaxaca.<\/p>\n\n\n\n<p>A trav\u00e9s de un comunicado, con fecha de ayer, expres\u00f3 su \u201cm\u00e1s en\u00e9rgica condena ante los homicidios de Oliverio Mart\u00ednez Merino y Flor de Jes\u00fas Hern\u00e1ndez\u201d, originarios de la comunidad de San Juan Copala.<\/p>\n\n\n\n<p>\u201cLa instituci\u00f3n lamenta cualquier agresi\u00f3n y forma de violencia en contra de la integridad f\u00edsica y la vida de las personas, sobre todo cuando se trata de cr\u00edmenes entre hermanas y hermanos ind\u00edgenas que comparten una misma cultura, historia y vida colectiva.<\/p>\n\n\n\n<p>\u201cDel mismo modo, hace un llamado para que las autoridades correspondientes en materia de procuraci\u00f3n e impartici\u00f3n de justicia de la entidad, inicien las investigaciones para esclarecer y castigar a los responsables por este doble homicidio, as\u00ed como de otros que se han registrado en la regi\u00f3n triqui de la entidad oaxaque\u00f1a, en perjuicio de personas ind\u00edgenas\u201d, expuso.<\/p>\n\n\n\n<figure class=\"wp-block-embed-twitter wp-block-embed is-type-rich is-provider-twitter\"><div class=\"wp-block-embed__wrapper\">\n<div class=\"twitter-tweet\"><blockquote class=\"twitter-tweet\" data-lang=\"es\"><p lang=\"es\" dir=\"ltr\"><a href=\"https:\/\/twitter.com\/hashtag\/COMUNICADO?src=hash&amp;ref_src=twsrc%5Etfw\">#COMUNICADO<\/a> \ud83d\uddde\ud83d\udcf0| <br><br>INPI condena asesinatos y violencia en la regi\u00f3n Triqui de Oaxaca<a href=\"https:\/\/twitter.com\/DEELAYUUK?ref_src=twsrc%5Etfw\">@DEELAYUUK<\/a> <a href=\"https:\/\/twitter.com\/GobiernoMX?ref_src=twsrc%5Etfw\">@GobiernoMX<\/a> <br><br>\ud83d\udc49\ud83c\udffd <a href=\"https:\/\/t.co\/jw2uzudh3W\">https:\/\/t.co\/jw2uzudh3W<\/a> <a href=\"https:\/\/t.co\/WVBUmx20jQ\">pic.twitter.com\/WVBUmx20jQ<\/a><\/p>&mdash; INPI (@INPImx) <a href=\"https:\/\/twitter.com\/INPImx\/status\/1410322317217914880?ref_src=twsrc%5Etfw\">30 de junio de 2021<\/a><\/blockquote><\/div>\n<\/div><\/figure>\n\n\n\n<p>Asimismo, la instituci\u00f3n que preside el oaxaque\u00f1o Adelfo Regino Montes hizo un llamado respetuoso a las autoridades y a todas las partes involucradas, para resolver cualquier diferencia o conflicto por la v\u00eda del di\u00e1logo, para terminar con d\u00e9cadas de violencia y agresiones entre comunidades ind\u00edgenas de la zona.<\/p>\n\n\n\n<p>Consider\u00f3 necesaria la instalaci\u00f3n inmediata de una mesa de negociaci\u00f3n plural e interinstitucional que facilite, en un mediano plazo, lograr una paz verdadera y justa para la comunidad triqui de San Juan Copala, que se ha visto agraviada por violaciones a derechos humanos y hechos violentos en los \u00faltimos a\u00f1os.<\/p>\n\n\n\n<p>Cuatro d\u00edas despu\u00e9s, la Fiscal\u00eda General del Estado de Oaxaca no ha emitido informaci\u00f3n al respecto y no hay personas detenidas por este doble crimen, perpetrado por disparos de arma de fuego.<\/p>\n","protected":false},"excerpt":{"rendered":"<p>Redacci\u00f3n\/Zona Roja. Oaxaca de Ju\u00e1rez, Oax., 1 de julio de 2021.- El gobierno que encabeza&hellip;<\/p>\n","protected":false},"author":2,"featured_media":29200,"comment_status":"closed","ping_status":"open","sticky":false,"template":"","format":"standard","meta":{"_lmt_disableupdate":"","_lmt_disable":"","_jetpack_memberships_contains_paid_content":false,"footnotes":""},"categories":[109,47],"tags":[558],"class_list":["post-29199","post","type-post","status-publish","format-standard","has-post-thumbnail","hentry","category-minuto-a-minuto","category-zona-gris","tag-instituto-nacional-de-pueblos-indigenas"],"jetpack_featured_media_url":"https:\/\/zonaroja.com.mx\/wp-content\/uploads\/2021\/07\/Comunicado-INPI-asesinados-triqui.jpg","jetpack_sharing_enabled":true,"_links":{"self":[{"href":"https:\/\/zonaroja.com.mx\/index.php?rest_route=\/wp\/v2\/posts\/29199","targetHints":{"allow":["GET"]}}],"collection":[{"href":"https:\/\/zonaroja.com.mx\/index.php?rest_route=\/wp\/v2\/posts"}],"about":[{"href":"https:\/\/zonaroja.com.mx\/index.php?rest_route=\/wp\/v2\/types\/post"}],"author":[{"embeddable":true,"href":"https:\/\/zonaroja.com.mx\/index.php?rest_route=\/wp\/v2\/users\/2"}],"replies":[{"embeddable":true,"href":"https:\/\/zonaroja.com.mx\/index.php?rest_route=%2Fwp%2Fv2%2Fcomments&post=29199"}],"version-history":[{"count":1,"href":"https:\/\/zonaroja.com.mx\/index.php?rest_route=\/wp\/v2\/posts\/29199\/revisions"}],"predecessor-version":[{"id":29201,"href":"https:\/\/zonaroja.com.mx\/index.php?rest_route=\/wp\/v2\/posts\/29199\/revisions\/29201"}],"wp:featuredmedia":[{"embeddable":true,"href":"https:\/\/zonaroja.com.mx\/index.php?rest_route=\/wp\/v2\/media\/29200"}],"wp:attachment":[{"href":"https:\/\/zonaroja.com.mx\/index.php?rest_route=%2Fwp%2Fv2%2Fmedia&parent=29199"}],"wp:term":[{"taxonomy":"category","embeddable":true,"href":"https:\/\/zonaroja.com.mx\/index.php?rest_route=%2Fwp%2Fv2%2Fcategories&post=29199"},{"taxonomy":"post_tag","embeddable":true,"href":"https:\/\/zonaroja.com.mx\/index.php?rest_route=%2Fwp%2Fv2%2Ftags&post=29199"}],"curies":[{"name":"wp","href":"https:\/\/api.w.org\/{rel}","templated":true}]}}