{"id":29202,"date":"2021-07-01T07:54:13","date_gmt":"2021-07-01T12:54:13","guid":{"rendered":"http:\/\/www.zonaroja.com.mx\/?p=29202"},"modified":"2021-07-01T07:54:15","modified_gmt":"2021-07-01T12:54:15","slug":"reconocen-incremento-del-15-de-casos-activos-de-covid-y-3-9-de-ocupacion-hospitalaria","status":"publish","type":"post","link":"https:\/\/zonaroja.com.mx\/?p=29202","title":{"rendered":"Reconocen incremento del 15% de casos activos de Covid y 3.9% de ocupaci\u00f3n hospitalaria"},"content":{"rendered":"\n<p>Redacci\u00f3n\/Zona Roja.<\/p>\n\n\n\n<p>Oaxaca de Ju\u00e1rez, Oax. 1 de julio de 2021.- Al corte de ayer mi\u00e9rcoles, los Servicios de Salud de Oaxaca (SSO), registran un incremento de casos activos de Covid-19, al pasar de 397 registrados el d\u00eda de ayer, a 456 este d\u00eda, lo que representa un 15% m\u00e1s.<\/p>\n\n\n\n<p>Esta misma tendencia se dio respecto a la ocupaci\u00f3n hospitalaria, que pas\u00f3 de 22.1% ayer, a 26% hoy.<\/p>\n\n\n\n<p>Ante este panorama, la instituci\u00f3n vuelve a insistir y hace un llamado a la poblaci\u00f3n en la implementaci\u00f3n de las medidas preventivas como el uso de cubrebocas, mantener la sana distancia evitando los lugares concurridos y el lavado de manos, y sobre todo a no bajar la guardia.<\/p>\n\n\n\n<p>Y es que este 30 de junio, se han registrado 104 casos nuevos y tres defunciones, que suman 48 mil 620 casos acumulados de la enfermedad y tres mil 963 defunciones; se han recuperado 44 mil 201 personas.<\/p>\n\n\n\n<p>Por Jurisdicci\u00f3n Sanitaria, Valles Centrales contabiliza 32 mil 603 casos confirmados y mil 916 defunciones, Istmo cuatro mil 597 casos confirmados y 749 fallecimientos, Tuxtepec tres mil 003 casos confirmados y 354 muertes, Costa dos mil 582 casos confirmados y 311 defunciones, Mixteca cuatro mil 086 casos confirmados y 408 muertes, Sierra mil 749 casos confirmados y 225 fallecimientos.<\/p>\n\n\n\n<figure class=\"wp-block-embed-twitter wp-block-embed is-type-rich is-provider-twitter\"><div class=\"wp-block-embed__wrapper\">\n<div class=\"twitter-tweet\"><blockquote class=\"twitter-tweet\" data-lang=\"es\"><p lang=\"es\" dir=\"ltr\"><a href=\"https:\/\/twitter.com\/hashtag\/%C3%9AltimoMinuto?src=hash&amp;ref_src=twsrc%5Etfw\">#\u00daltimoMinuto<\/a><br>En <a href=\"https:\/\/twitter.com\/hashtag\/Oaxaca?src=hash&amp;ref_src=twsrc%5Etfw\">#Oaxaca<\/a>, los Servicios de Salud reportaron este mi\u00e9rcoles 3 muertes por Covid, con lo que suman 3 mil 963 decesos.<br>Adem\u00e1s, 104 casos positivos, para un total de 48 mil 620 casos confirmados.<br>Hay seis hospitales saturados de pacientes.<a href=\"https:\/\/twitter.com\/hashtag\/Qu%C3%A9dateEnCasa?src=hash&amp;ref_src=twsrc%5Etfw\">#Qu\u00e9dateEnCasa<\/a> <a href=\"https:\/\/t.co\/neS39pZdoy\">pic.twitter.com\/neS39pZdoy<\/a><\/p>&mdash; Zona Roja Oaxaca (@Zona_Roja_Oax) <a href=\"https:\/\/twitter.com\/Zona_Roja_Oax\/status\/1410418873900306432?ref_src=twsrc%5Etfw\">1 de julio de 2021<\/a><\/blockquote><\/div>\n<\/div><\/figure>\n\n\n\n<p>Los 104 casos nuevos de Covid-19, afectan a 38 municipios siendo el de Oaxaca de Ju\u00e1rez el que registra 23 casos, seguido de Santo Domingo Tehuantepec con nueve, Salina Cruz ocho, Juchit\u00e1n de Zaragoza y San Pedro Mixtepec cinco cada uno, Tlacolula de Matamoros cuatro, Asunci\u00f3n Ixtaltepec, Ciudad Ixtepec, Loma Bonita y Ocotl\u00e1n de Morelos tres cada uno, el resto dos y un solo caso.<\/p>\n\n\n\n<p>En relaci\u00f3n a la ocupaci\u00f3n hospitalaria, la instituci\u00f3n registra seis hospitales al 100% de su ocupaci\u00f3n, hay 11 nuevos hospitalizados, 95 camas ocupadas de un total de 365 y disponibles 270.<\/p>\n\n\n\n<p>La Jurisdicci\u00f3n Sanitaria n\u00famero uno Valles Centrales registra un 22%, Istmo 31%, Tuxtepec 43.3%, Costa 40.6%, Mixteca 7.1% y Sierra cero por ciento.<\/p>\n\n\n\n<p>Finalmente, los SSO hacen un llamado a la ciudadan\u00eda, autoridades municipales y servidores tur\u00edsticos a continuar con las medidas de mitigaci\u00f3n y evitar la propagaci\u00f3n del COVID-19, como es el uso correcto de cubrebocas que cubra nariz y boca, mantener la sana distancia, evitar los lugares concurridos y el lavado frecuente de manos y ante cualquier s\u00edntoma como fiebre, tos seca, cansancio, dolor de garganta, p\u00e9rdida del sentido del olfato y gusto, y dolor de cabeza, deben acudir a la unidad de salud m\u00e1s cercana para su atenci\u00f3n.<\/p>\n","protected":false},"excerpt":{"rendered":"<p>Redacci\u00f3n\/Zona Roja. Oaxaca de Ju\u00e1rez, Oax. 1 de julio de 2021.- Al corte de ayer&hellip;<\/p>\n","protected":false},"author":2,"featured_media":29203,"comment_status":"closed","ping_status":"open","sticky":false,"template":"","format":"standard","meta":{"_lmt_disableupdate":"","_lmt_disable":"","_jetpack_memberships_contains_paid_content":false,"footnotes":""},"categories":[109,47],"tags":[1512],"class_list":["post-29202","post","type-post","status-publish","format-standard","has-post-thumbnail","hentry","category-minuto-a-minuto","category-zona-gris","tag-coronavirus-oaxaca"],"jetpack_featured_media_url":"https:\/\/zonaroja.com.mx\/wp-content\/uploads\/2021\/07\/GRAFICAS-SSO-01.jpg","jetpack_sharing_enabled":true,"_links":{"self":[{"href":"https:\/\/zonaroja.com.mx\/index.php?rest_route=\/wp\/v2\/posts\/29202","targetHints":{"allow":["GET"]}}],"collection":[{"href":"https:\/\/zonaroja.com.mx\/index.php?rest_route=\/wp\/v2\/posts"}],"about":[{"href":"https:\/\/zonaroja.com.mx\/index.php?rest_route=\/wp\/v2\/types\/post"}],"author":[{"embeddable":true,"href":"https:\/\/zonaroja.com.mx\/index.php?rest_route=\/wp\/v2\/users\/2"}],"replies":[{"embeddable":true,"href":"https:\/\/zonaroja.com.mx\/index.php?rest_route=%2Fwp%2Fv2%2Fcomments&post=29202"}],"version-history":[{"count":1,"href":"https:\/\/zonaroja.com.mx\/index.php?rest_route=\/wp\/v2\/posts\/29202\/revisions"}],"predecessor-version":[{"id":29204,"href":"https:\/\/zonaroja.com.mx\/index.php?rest_route=\/wp\/v2\/posts\/29202\/revisions\/29204"}],"wp:featuredmedia":[{"embeddable":true,"href":"https:\/\/zonaroja.com.mx\/index.php?rest_route=\/wp\/v2\/media\/29203"}],"wp:attachment":[{"href":"https:\/\/zonaroja.com.mx\/index.php?rest_route=%2Fwp%2Fv2%2Fmedia&parent=29202"}],"wp:term":[{"taxonomy":"category","embeddable":true,"href":"https:\/\/zonaroja.com.mx\/index.php?rest_route=%2Fwp%2Fv2%2Fcategories&post=29202"},{"taxonomy":"post_tag","embeddable":true,"href":"https:\/\/zonaroja.com.mx\/index.php?rest_route=%2Fwp%2Fv2%2Ftags&post=29202"}],"curies":[{"name":"wp","href":"https:\/\/api.w.org\/{rel}","templated":true}]}}