{"id":29207,"date":"2021-07-01T08:30:11","date_gmt":"2021-07-01T13:30:11","guid":{"rendered":"http:\/\/www.zonaroja.com.mx\/?p=29207"},"modified":"2021-07-01T08:30:13","modified_gmt":"2021-07-01T13:30:13","slug":"acusan-injerencia-de-segego-en-sucesion-de-la-rectoria-de-la-uabjo","status":"publish","type":"post","link":"https:\/\/zonaroja.com.mx\/?p=29207","title":{"rendered":"Acusan injerencia de Segego en sucesi\u00f3n de la rector\u00eda de la UABJO"},"content":{"rendered":"\n<p>Ismael Garc\u00eda M.\/Zona Roja.<\/p>\n\n\n\n<p>Oaxaca de Ju\u00e1rez, Oax., 1 de julio de 2021.- La Secretar\u00eda General de Gobierno (Segego) busca inmiscuirse en la elecci\u00f3n de rector de la Universidad Aut\u00f3noma \u201cBenito Ju\u00e1rez\u201d de Oaxaca, bajo el pretexto de atender conflictos sindicales.<\/p>\n\n\n\n<p>El pasado martes, su titular, Francisco Garc\u00eda L\u00f3pez, cit\u00f3 al rector Eduardo Bautista Mart\u00ednez y a dirigentes de sindicatos que han efectuado movilizaciones y protestas desde el pasado lunes.<\/p>\n\n\n\n<p>Sin embargo, en lugar de mediar para que se busque soluci\u00f3n a las demandas de los agremiados del STAUO, SUA y STEUABJO, en contubernio con Enrique Mart\u00ednez Mart\u00ednez, dirigente del Sindicato de Trabajadores Acad\u00e9micos, busc\u00f3 s\u00f3lo abordar el tema de la sucesi\u00f3n.<\/p>\n\n\n\n<p>\u201cLa tarde de este 29 de junio fui convocado por funcionarios del Gobierno del Estado a una reuni\u00f3n en donde estuvo presente el secretario de una fracci\u00f3n del STAUO, Enrique Mart\u00ednez Mart\u00ednez, reuni\u00f3n en la que, de manera indebida, quisieron abordar como \u00fanico tema la sucesi\u00f3n del rector. <\/p>\n\n\n\n<p>\u00abEl se\u00f1or Mart\u00ednez Mart\u00ednez no puede suplantar al Consejo Universitario y en el encuentro referido en ning\u00fan momento abord\u00f3 asuntos laborales que supuestamente son motivo de sus acciones\u201d, revel\u00f3 el rector Eduardo Bautista.<\/p>\n\n\n\n<p>A trav\u00e9s de un mensaje en video, detall\u00f3 que ante ello, se\u00f1al\u00f3 que la sucesi\u00f3n no debe ocurrir en un contexto de desestabilizaci\u00f3n de la vida universitaria \u201cpromovido por algunos l\u00edderes sindicales que est\u00e1n al servicio de intereses externos; de algunos l\u00edderes que enga\u00f1an a los trabajadores y a la opini\u00f3n p\u00fablica sobre el verdadero motivo de las \u2018toms\u2019 de las instalaciones universitarias\u201d, remarc\u00f3.<\/p>\n\n\n\n<p>Bautista Mart\u00ednez record\u00f3 que desde el 21 de junio, a trav\u00e9s de un oficio entregado a la secretaria fedataria del Consejo Universitario, solicit\u00f3 que se d\u00e9 continuidad al proceso de sucesi\u00f3n de rector que fue interrumpido por la pandemia del Covid-19.<\/p>\n\n\n\n<figure class=\"wp-block-embed-twitter wp-block-embed is-type-rich is-provider-twitter\"><div class=\"wp-block-embed__wrapper\">\n<div class=\"twitter-tweet\"><blockquote class=\"twitter-tweet\" data-lang=\"es\"><p lang=\"es\" dir=\"ltr\">Mensaje del rector de la <a href=\"https:\/\/twitter.com\/UABJO?ref_src=twsrc%5Etfw\">@UABJO<\/a>, <a href=\"https:\/\/twitter.com\/Bautistaeduardo?ref_src=twsrc%5Etfw\">@Bautistaeduardo<\/a>, sobre la sucesi\u00f3n de la Rector\u00eda.<a href=\"https:\/\/twitter.com\/hashtag\/ComunidadUABJO?src=hash&amp;ref_src=twsrc%5Etfw\">#ComunidadUABJO<\/a><a href=\"https:\/\/twitter.com\/hashtag\/SomosUABJO?src=hash&amp;ref_src=twsrc%5Etfw\">#SomosUABJO<\/a> <a href=\"https:\/\/t.co\/oLeTB0gaIq\">https:\/\/t.co\/oLeTB0gaIq<\/a> v\u00eda <a href=\"https:\/\/twitter.com\/YouTube?ref_src=twsrc%5Etfw\">@YouTube<\/a><a href=\"https:\/\/twitter.com\/XhubjRadio?ref_src=twsrc%5Etfw\">@XhubjRadio<\/a><\/p>&mdash; Comunicaci\u00f3nUABJO (@comunica_UABJO) <a href=\"https:\/\/twitter.com\/comunica_UABJO\/status\/1410348232367132688?ref_src=twsrc%5Etfw\">30 de junio de 2021<\/a><\/blockquote><\/div>\n<\/div><\/figure>\n\n\n\n<p>\u201cEsta posici\u00f3n la he manifestado de manera p\u00fablica en diferentes medios de comunicaci\u00f3n y la he compartido con la ANUIES y con la SEP. Hoy reitero que la ruta de la transici\u00f3n depende solamente del Consejo Universitario en pleno respeto a su autonom\u00eda como m\u00e1ximo \u00f3rgano de gobierno, sin injerencia de personajes ajenos a la vida universitaria que s\u00f3lo persiguen beneficios personales\u201d, expuso.<\/p>\n\n\n\n<p>PRESENTAR DENUNCIAS<\/p>\n\n\n\n<p>En seguida enfatiz\u00f3:<\/p>\n\n\n\n<p>\u201cCon la claridad de quien nada debe, nada teme, pido que si alguien tiene evidencias de il\u00edcitos en la administraci\u00f3n universitaria, que se haga la denuncia correspondiente y se proceda conforme al estado de derecho; pero que esto no debe utilizarse como chantaje en el proceso de sucesi\u00f3n del rector\u201d.<\/p>\n\n\n\n<p>Asimismo, dio la bienvenida al proceso de sucesi\u00f3n en la rector\u00eda de la UABJO en el marco de la autonom\u00eda, de los di\u00e1logos civilizados, del consenso y del respeto a las decisiones del Consejo Universitario tal y como lo marca la Ley Org\u00e1nica.<\/p>\n\n\n\n<p>\u201cEspero por el bien de nuestra m\u00e1xima casa de estudios, que la responsabilidad de la pr\u00f3xima rector\u00eda recaiga en una universitaria o en un universitario al cien por ciento\u201d, finaliz\u00f3.<\/p>\n\n\n\n<p>Las movilizaciones de los dos sindicatos de trabajadores acad\u00e9micos iniciaron el pasado lunes y se prolongaron hasta el martes, las cuales incluyeron la toma de las instalaciones de Ciudad Universitaria y edificios que albergan a las facultades, escuelas e institutos.<\/p>\n\n\n\n<p>De acuerdo con diversas fuentes sindicales de la UABJO, Enrique Mart\u00ednez es presuntamente azuzado por el ex gobernador Jos\u00e9 Murat, a quien aseguran acudi\u00f3 a visitar a la ciudad de M\u00e9xico, el pasado 17 de junio, en tanto que el dirigente del SUA acudi\u00f3 el mi\u00e9rcoles 23 de junio.<\/p>\n","protected":false},"excerpt":{"rendered":"<p>Ismael Garc\u00eda M.\/Zona Roja. Oaxaca de Ju\u00e1rez, Oax., 1 de julio de 2021.- La Secretar\u00eda&hellip;<\/p>\n","protected":false},"author":2,"featured_media":29208,"comment_status":"closed","ping_status":"open","sticky":false,"template":"","format":"standard","meta":{"_lmt_disableupdate":"","_lmt_disable":"","_jetpack_memberships_contains_paid_content":false,"footnotes":""},"categories":[109,47],"tags":[360],"class_list":["post-29207","post","type-post","status-publish","format-standard","has-post-thumbnail","hentry","category-minuto-a-minuto","category-zona-gris","tag-rector-eduardo-bautista-martinez"],"jetpack_featured_media_url":"https:\/\/zonaroja.com.mx\/wp-content\/uploads\/2021\/07\/Rector-UABJO-mensaje.jpg","jetpack_sharing_enabled":true,"_links":{"self":[{"href":"https:\/\/zonaroja.com.mx\/index.php?rest_route=\/wp\/v2\/posts\/29207","targetHints":{"allow":["GET"]}}],"collection":[{"href":"https:\/\/zonaroja.com.mx\/index.php?rest_route=\/wp\/v2\/posts"}],"about":[{"href":"https:\/\/zonaroja.com.mx\/index.php?rest_route=\/wp\/v2\/types\/post"}],"author":[{"embeddable":true,"href":"https:\/\/zonaroja.com.mx\/index.php?rest_route=\/wp\/v2\/users\/2"}],"replies":[{"embeddable":true,"href":"https:\/\/zonaroja.com.mx\/index.php?rest_route=%2Fwp%2Fv2%2Fcomments&post=29207"}],"version-history":[{"count":1,"href":"https:\/\/zonaroja.com.mx\/index.php?rest_route=\/wp\/v2\/posts\/29207\/revisions"}],"predecessor-version":[{"id":29209,"href":"https:\/\/zonaroja.com.mx\/index.php?rest_route=\/wp\/v2\/posts\/29207\/revisions\/29209"}],"wp:featuredmedia":[{"embeddable":true,"href":"https:\/\/zonaroja.com.mx\/index.php?rest_route=\/wp\/v2\/media\/29208"}],"wp:attachment":[{"href":"https:\/\/zonaroja.com.mx\/index.php?rest_route=%2Fwp%2Fv2%2Fmedia&parent=29207"}],"wp:term":[{"taxonomy":"category","embeddable":true,"href":"https:\/\/zonaroja.com.mx\/index.php?rest_route=%2Fwp%2Fv2%2Fcategories&post=29207"},{"taxonomy":"post_tag","embeddable":true,"href":"https:\/\/zonaroja.com.mx\/index.php?rest_route=%2Fwp%2Fv2%2Ftags&post=29207"}],"curies":[{"name":"wp","href":"https:\/\/api.w.org\/{rel}","templated":true}]}}