{"id":29211,"date":"2021-07-01T09:56:01","date_gmt":"2021-07-01T14:56:01","guid":{"rendered":"http:\/\/www.zonaroja.com.mx\/?p=29211"},"modified":"2021-07-01T09:56:03","modified_gmt":"2021-07-01T14:56:03","slug":"en-sede-alterna-cuestionan-legisladores-a-finanzas-ejecucion-de-deuda-publica","status":"publish","type":"post","link":"https:\/\/zonaroja.com.mx\/?p=29211","title":{"rendered":"En sede alterna, cuestionan legisladores a Finanzas ejecuci\u00f3n de deuda p\u00fablica"},"content":{"rendered":"\n<p>Evlin Arag\u00f3n\/Zona Roja.<\/p>\n\n\n\n<p>Oaxaca de Ju\u00e1rez, Oax., 1 de julio de 2021.- En sesi\u00f3n a puerta cerrada, con escasos cuestionamientos y en sede del Poder Ejecutivo, funcionarios del gobierno de Oaxaca \u201ccomparecieron\u201d ante la Comisi\u00f3n Permanente de Vigilancia de la Deuda P\u00fablica del estado, que preside la legisladora por Morena, Griselda Sosa V\u00e1squez.<\/p>\n\n\n\n<p>Fueron los titulares de las secretar\u00edas de Finanzas, Movilidad, Infraestructuras y Ordenamiento Territorial Sustentable, de Caminos y Aeropistas de Oaxaca, la Comisi\u00f3n Estatal del Agua, el Instituto Oaxaque\u00f1o del Emprendedor y la Competitividad, del Servicios de Agua Potable y Alcantarillado de Oaxaca, entre otros, quienes respondieron a medias las dudas.<\/p>\n\n\n\n<p>Sosa V\u00e1squez, presidenta de la Comisi\u00f3n, pidi\u00f3 explicaciones sobre la cantidad de empleo directos e indirectos que se han generaron con los dos mil 348 millones de pesos que se han ejercido hasta el momento.<\/p>\n\n\n\n<p>As\u00ed mismo, el estado de la deuda anterior, toda vez que se plante\u00f3 una reducci\u00f3n con el refinanciamiento otorgado, a la par que pregunt\u00f3 si el retorno de la inversi\u00f3n que se ha realizado ha sido mayor que el costo de la deuda.<\/p>\n\n\n\n<p>Saul D\u00edaz Bautista exhort\u00f3 al funcionariado p\u00fablico a aplicar el recurso con transparencia en tiempo y forma, sin dilaciones y si anexos que pongan en entredicho su destino, con la intenci\u00f3n de que cumpla con su principal objetivo de reactivar la econom\u00eda.&nbsp;<\/p>\n\n\n\n<p>Para el legislador, Horacio Sosa Villavicencio, desde hace tiempo se han hecho observaciones a varias obras que se encuentran en curso, particularmente en torno a la falta de informaci\u00f3n en las comunidades involucradas, como en el caso del Libramiento Sur.&nbsp;<\/p>\n\n\n\n<p>\u201cSer\u00eda muy importante que el pueblo de Oaxaca supiera cuanto est\u00e1 costando la elaboraci\u00f3n del proyecto ejecutivo del libramiento, al igual que en el tema del Centro de Convenciones de Santa Mar\u00eda Huatulco, que se est\u00e1 quedando corta en materia de capacidad\u201d, refiri\u00f3.\u00a0\u00a0<\/p>\n\n\n\n<figure class=\"wp-block-embed-twitter wp-block-embed is-type-rich is-provider-twitter\"><div class=\"wp-block-embed__wrapper\">\n<div class=\"twitter-tweet\"><blockquote class=\"twitter-tweet\" data-lang=\"es\"><p lang=\"es\" dir=\"ltr\">En reuni\u00f3n privada, en sede del <a href=\"https:\/\/twitter.com\/GobOax?ref_src=twsrc%5Etfw\">@GobOax<\/a> y no del <a href=\"https:\/\/twitter.com\/CongresoOaxLXIV?ref_src=twsrc%5Etfw\">@CongresoOaxLXIV<\/a>, este d\u00eda \u201ccompareci\u00f3\u201d el titular de <a href=\"https:\/\/twitter.com\/SEFINGobOax?ref_src=twsrc%5Etfw\">@SEFINGobOax<\/a>, <a href=\"https:\/\/twitter.com\/VMendozaTG?ref_src=twsrc%5Etfw\">@VMendozaTG<\/a>, para explicar destino de deuda por 3,500 mdp. <br>Sesi\u00f3n tersa, pocos cuestionamientos, entre ellos de <a href=\"https:\/\/twitter.com\/cesarmoralesn?ref_src=twsrc%5Etfw\">@cesarmoralesn<\/a>. <a href=\"https:\/\/t.co\/NxqTEVpZQz\">pic.twitter.com\/NxqTEVpZQz<\/a><\/p>&mdash; Zona Roja Oaxaca (@Zona_Roja_Oax) <a href=\"https:\/\/twitter.com\/Zona_Roja_Oax\/status\/1410446932053413892?ref_src=twsrc%5Etfw\">1 de julio de 2021<\/a><\/blockquote><\/div>\n<\/div><\/figure>\n\n\n\n<p>Mientras que, C\u00e9sar Morales Ni\u00f1o denunci\u00f3 la inflaci\u00f3n de costos en las adquisiciones realizadas por el gobierno de Oaxaca con el recurso en cuesti\u00f3n, prueba de ello la compra de m\u00f3dulos de maquinaria, 31 equipos para mayor exactitud, en la que se report\u00f3 un gasto de 134 millones de pesos, aunque en un ejercicio de cotizaci\u00f3n realizado por su equipo el monto seria de 109 millones.&nbsp;<\/p>\n\n\n\n<p>Por lo anterior solicit\u00f3 la intervenci\u00f3n de la Secretar\u00eda de la Contralor\u00eda y Transparencia Gubernamental a fin de comprobar los gastos de las adquisiciones y que no exista un mal manejo de los recursos p\u00fablicos.&nbsp;<\/p>\n\n\n\n<p>Morales Ni\u00f1o pidi\u00f3 a las autoridades el acercamiento a las comunidades donde se realizan las obras con la intenci\u00f3n de generar acuerdos que consoliden los trabajos; a la par que lament\u00f3 que se siga discriminando a las empresas oaxaque\u00f1as.&nbsp;<\/p>\n\n\n\n<p>\u201cEs verdaderamente alarmante que estando la econom\u00eda de Oaxaca tan deprimida, las empresas locales no tengan trabajo y le de esta obra a una empresa nacional\u201d, manifest\u00f3.<\/p>\n\n\n\n<p>La reuni\u00f3n se efectu\u00f3 en el Centro Cultural y de Convenciones, ubicado en Santa Luc\u00eda del Camino y donde despacha el gobernador Alejandro Murat Hinojosa.<\/p>\n\n\n\n<p>La v\u00edspera, el mandatario encabez\u00f3 una reuni\u00f3n con la mayor\u00eda de legisladores de Morena, donde tambi\u00e9n dio explicaciones sobre el manejo del empr\u00e9stito de tres mil 500 millones de pesos, autorizados en octubre de 2019 por la 64 Legislatura.<\/p>\n","protected":false},"excerpt":{"rendered":"<p>Evlin Arag\u00f3n\/Zona Roja. Oaxaca de Ju\u00e1rez, Oax., 1 de julio de 2021.- En sesi\u00f3n a&hellip;<\/p>\n","protected":false},"author":2,"featured_media":29212,"comment_status":"closed","ping_status":"open","sticky":false,"template":"","format":"standard","meta":{"_lmt_disableupdate":"","_lmt_disable":"","_jetpack_memberships_contains_paid_content":false,"footnotes":""},"categories":[109,47],"tags":[213],"class_list":["post-29211","post","type-post","status-publish","format-standard","has-post-thumbnail","hentry","category-minuto-a-minuto","category-zona-gris","tag-64-legislatura-de-oaxaca"],"jetpack_featured_media_url":"https:\/\/zonaroja.com.mx\/wp-content\/uploads\/2021\/07\/Comparecencia-Comision-Deuda-Publica.jpg","jetpack_sharing_enabled":true,"_links":{"self":[{"href":"https:\/\/zonaroja.com.mx\/index.php?rest_route=\/wp\/v2\/posts\/29211","targetHints":{"allow":["GET"]}}],"collection":[{"href":"https:\/\/zonaroja.com.mx\/index.php?rest_route=\/wp\/v2\/posts"}],"about":[{"href":"https:\/\/zonaroja.com.mx\/index.php?rest_route=\/wp\/v2\/types\/post"}],"author":[{"embeddable":true,"href":"https:\/\/zonaroja.com.mx\/index.php?rest_route=\/wp\/v2\/users\/2"}],"replies":[{"embeddable":true,"href":"https:\/\/zonaroja.com.mx\/index.php?rest_route=%2Fwp%2Fv2%2Fcomments&post=29211"}],"version-history":[{"count":1,"href":"https:\/\/zonaroja.com.mx\/index.php?rest_route=\/wp\/v2\/posts\/29211\/revisions"}],"predecessor-version":[{"id":29213,"href":"https:\/\/zonaroja.com.mx\/index.php?rest_route=\/wp\/v2\/posts\/29211\/revisions\/29213"}],"wp:featuredmedia":[{"embeddable":true,"href":"https:\/\/zonaroja.com.mx\/index.php?rest_route=\/wp\/v2\/media\/29212"}],"wp:attachment":[{"href":"https:\/\/zonaroja.com.mx\/index.php?rest_route=%2Fwp%2Fv2%2Fmedia&parent=29211"}],"wp:term":[{"taxonomy":"category","embeddable":true,"href":"https:\/\/zonaroja.com.mx\/index.php?rest_route=%2Fwp%2Fv2%2Fcategories&post=29211"},{"taxonomy":"post_tag","embeddable":true,"href":"https:\/\/zonaroja.com.mx\/index.php?rest_route=%2Fwp%2Fv2%2Ftags&post=29211"}],"curies":[{"name":"wp","href":"https:\/\/api.w.org\/{rel}","templated":true}]}}