{"id":29214,"date":"2021-07-01T10:00:40","date_gmt":"2021-07-01T15:00:40","guid":{"rendered":"http:\/\/www.zonaroja.com.mx\/?p=29214"},"modified":"2021-07-01T10:00:44","modified_gmt":"2021-07-01T15:00:44","slug":"dignifican-instalaciones-de-normal-rural-vanguardia-de-tamazulapam","status":"publish","type":"post","link":"https:\/\/zonaroja.com.mx\/?p=29214","title":{"rendered":"Dignifican instalaciones de Normal Rural Vanguardia de Tamazul\u00e1pam"},"content":{"rendered":"\n<p>Redacci\u00f3n\/Zona Roja.<\/p>\n\n\n\n<p>Oaxaca de Ju\u00e1rez, Oax., 1 de julio de 2021.- En las sinergias del Instituto Estatal de Educaci\u00f3n P\u00fablica de Oaxaca, con la Secretar\u00eda de Educaci\u00f3n P\u00fablica (SEP) y la comunidad normalista, a nombre del gobernador Alejandro Murat Hinojosa, el director general del IEEPO, Francisco \u00c1ngel Villarreal, inaugur\u00f3 en la Escuela Normal Rural Vanguardia de Tamazulapan del Progreso, el arco techo construido en la plaza principal y entreg\u00f3 apoyos que ascienden a un monto total de 3.2 millones de pesos.<\/p>\n\n\n\n<p>Con esto, suman cerca de cuatro millones 088 mil pesos, los ejercidos en el ciclo escolar 2020-2021 en esta instituci\u00f3n con una antig\u00fcedad de 96 a\u00f1os y que funciona en la modalidad de internado para mujeres, mediante acciones como la entrega de una amasadora para el \u00e1rea de panader\u00eda; la remodelaci\u00f3n del espacio de enfermer\u00eda y su equipamiento y la rehabilitaci\u00f3n de la cocina y los lavabos del comedor.<\/p>\n\n\n\n<p>Adem\u00e1s, en la relaci\u00f3n respetuosa, permanente y directa que la administraci\u00f3n estatal ha fortalecido con las 11 escuelas normales en la entidad, se dot\u00f3 a la Normal de colchones nuevos; juegos de blancos que incluyen s\u00e1banas, almohadas y cobertores; as\u00ed como chamarras.<\/p>\n\n\n\n<p>Durante su mensaje, el director General del IEEPO, coment\u00f3 que luego de m\u00e1s de 30 a\u00f1os que un director del Instituto no visitaba a esta Escuela Normal que recibe a alumnas de diferentes municipios de la entidad e incluso de otros estados, ahora es posible en la prioridad que las autoridades educativas han demostrado para dignificar la estancia de las j\u00f3venes, fortalecer la actividad acad\u00e9mica y atender sus solicitudes.<\/p>\n\n\n\n<figure class=\"wp-block-embed-twitter wp-block-embed is-type-rich is-provider-twitter\"><div class=\"wp-block-embed__wrapper\">\n<div class=\"twitter-tweet\"><blockquote class=\"twitter-tweet\" data-lang=\"es\"><p lang=\"es\" dir=\"ltr\">Compromiso cumplido. En la Esc. Normal Rural Vanguardia de Tamazulapan, el DG del IEEPO, Paco Villarreal <a href=\"https:\/\/twitter.com\/VillarrealPaco?ref_src=twsrc%5Etfw\">@VillarrealPaco<\/a> con el pte. mpal. Noel Hdz. y el dir. del plantel inaugur\u00f3 el Arco Techo de la Plaza C\u00edvica y entreg\u00f3 apoyos que ascienden a 3.2 MDP del <a href=\"https:\/\/twitter.com\/GobOax?ref_src=twsrc%5Etfw\">@GobOax<\/a> y <a href=\"https:\/\/twitter.com\/GobiernoMX?ref_src=twsrc%5Etfw\">@GobiernoMX<\/a> <a href=\"https:\/\/t.co\/Ct7GQDFI8b\">pic.twitter.com\/Ct7GQDFI8b<\/a><\/p>&mdash; IEEPO (@IEEPOGobOax) <a href=\"https:\/\/twitter.com\/IEEPOGobOax\/status\/1410309719688896516?ref_src=twsrc%5Etfw\">30 de junio de 2021<\/a><\/blockquote><\/div>\n<\/div><\/figure>\n\n\n\n<p>En este sentido, reconoci\u00f3 el apoyo del director general de Educaci\u00f3n Superior para el Magisterio (DGESuM) de la Secretar\u00eda de Educaci\u00f3n P\u00fablica, Mario Ch\u00e1vez Campos, en la gesti\u00f3n del arco techo que proteger\u00e1 a las estudiantes de los efectos del clima y ayudar\u00e1 a que desarrollen en mejores condiciones sus actividades escolares en el momento que sea posible el regreso presencial a clases.<\/p>\n\n\n\n<p>Ante la comunidad estudiantil y docente de la Escuela Normal, el Director General del IEEPO, acompa\u00f1ado del presidente municipal del lugar, Noel Hern\u00e1ndez Mendoza y del director del plantel, Moys\u00e9s P\u00e9rez Cruz, hizo entrega simb\u00f3lica de 130 colchones, los cuales se suman a los 350 entregados en el mes de noviembre del 2020; as\u00ed mismo, de 50 paquetes de blancos y chamarras deportivas, las cuales beneficiar\u00e1n a las cerca de 500 alumnas.<\/p>\n\n\n\n<p>En su oportunidad, el director de la Escuela Normal Rural Vanguardia de Tamazulapan del Progreso, se\u00f1al\u00f3 que hoy m\u00e1s que nunca est\u00e1 vigente el normalismo en M\u00e9xico y refrend\u00f3 el compromiso de la instituci\u00f3n, de seguir trabajando en equipo por la preparaci\u00f3n acad\u00e9mica de las futuras generaciones de maestras que en este periodo han asumido los retos generados por la pandemia. \u201cLos apoyos que hoy recibimos son resultado del di\u00e1logo y respeto que hemos mostrado\u201d, apunt\u00f3.&nbsp;<\/p>\n\n\n\n<p>En el evento, efectuado con las medidas y protocolos sanitarios establecidos, a nombre de las alumnas, la joven Cecilia Cruz Murgu\u00eda, agradeci\u00f3 el mobiliario y material que les fue entregado, as\u00ed como el apoyo que han recibido hasta ahora. En ello, coincidieron tambi\u00e9n en entrevista las estudiantes Mariana Ram\u00edrez Rojas y Leticia S\u00e1nchez L\u00f3pez, quienes los consideraron un aliciente para su preparaci\u00f3n profesional.<\/p>\n\n\n\n<p>El arco techo inaugurado en las instalaciones del plantel, fue construido con recurso adicional del Programa de Fortalecimiento a la Excelencia Educativa (PROFEXCE) 2020, por un monto de 1.6 millones de pesos.<\/p>\n","protected":false},"excerpt":{"rendered":"<p>Redacci\u00f3n\/Zona Roja. Oaxaca de Ju\u00e1rez, Oax., 1 de julio de 2021.- En las sinergias del&hellip;<\/p>\n","protected":false},"author":2,"featured_media":29215,"comment_status":"closed","ping_status":"open","sticky":false,"template":"","format":"standard","meta":{"_lmt_disableupdate":"","_lmt_disable":"","_jetpack_memberships_contains_paid_content":false,"footnotes":""},"categories":[109,46],"tags":[599],"class_list":["post-29214","post","type-post","status-publish","format-standard","has-post-thumbnail","hentry","category-minuto-a-minuto","category-zona-blanca","tag-instituto-estatal-de-educacion-publica-de-oaxaca"],"jetpack_featured_media_url":"https:\/\/zonaroja.com.mx\/wp-content\/uploads\/2021\/07\/01-IEEPO-1-1.jpeg","jetpack_sharing_enabled":true,"_links":{"self":[{"href":"https:\/\/zonaroja.com.mx\/index.php?rest_route=\/wp\/v2\/posts\/29214","targetHints":{"allow":["GET"]}}],"collection":[{"href":"https:\/\/zonaroja.com.mx\/index.php?rest_route=\/wp\/v2\/posts"}],"about":[{"href":"https:\/\/zonaroja.com.mx\/index.php?rest_route=\/wp\/v2\/types\/post"}],"author":[{"embeddable":true,"href":"https:\/\/zonaroja.com.mx\/index.php?rest_route=\/wp\/v2\/users\/2"}],"replies":[{"embeddable":true,"href":"https:\/\/zonaroja.com.mx\/index.php?rest_route=%2Fwp%2Fv2%2Fcomments&post=29214"}],"version-history":[{"count":1,"href":"https:\/\/zonaroja.com.mx\/index.php?rest_route=\/wp\/v2\/posts\/29214\/revisions"}],"predecessor-version":[{"id":29216,"href":"https:\/\/zonaroja.com.mx\/index.php?rest_route=\/wp\/v2\/posts\/29214\/revisions\/29216"}],"wp:featuredmedia":[{"embeddable":true,"href":"https:\/\/zonaroja.com.mx\/index.php?rest_route=\/wp\/v2\/media\/29215"}],"wp:attachment":[{"href":"https:\/\/zonaroja.com.mx\/index.php?rest_route=%2Fwp%2Fv2%2Fmedia&parent=29214"}],"wp:term":[{"taxonomy":"category","embeddable":true,"href":"https:\/\/zonaroja.com.mx\/index.php?rest_route=%2Fwp%2Fv2%2Fcategories&post=29214"},{"taxonomy":"post_tag","embeddable":true,"href":"https:\/\/zonaroja.com.mx\/index.php?rest_route=%2Fwp%2Fv2%2Ftags&post=29214"}],"curies":[{"name":"wp","href":"https:\/\/api.w.org\/{rel}","templated":true}]}}